{"id":1022343,"date":"2026-04-29T14:16:47","date_gmt":"2026-04-29T11:16:47","guid":{"rendered":"https:\/\/fmvb.ro\/?p=1022343"},"modified":"2026-04-29T14:26:55","modified_gmt":"2026-04-29T11:26:55","slug":"%f0%9f%93%a3-zilele-facultatii-de-medicina-veterinara-editia-a-v-a-15-16-mai-2026","status":"publish","type":"post","link":"https:\/\/fmvb.ro\/en\/%f0%9f%93%a3-zilele-facultatii-de-medicina-veterinara-editia-a-v-a-15-16-mai-2026\/","title":{"rendered":"\ud83d\udce3 Zilele Facult\u0103\u021bii de Medicin\u0103 Veterinar\u0103 \u2013 Edi\u021bia a V-a | 15\u201316 mai 2026"},"content":{"rendered":"<div class=\"vgblk-rw-wrapper limit-wrapper\">\n<p style=\"text-align: center;\"><strong>V\u0103 invit\u0103m cu drag la cea de-a cincea edi\u021bie a evenimentului\u00a0 &#8220;<\/strong><strong><em>Zilele Facult\u0103\u021bii de Medicin\u0103 Veterinar\u0103&#8221;<\/em><\/strong><strong>, care va avea loc <\/strong><strong>\u00een perioada 15\u201316 mai 2026, \u00een campusul Veterinar\u0103\u2013Cotroceni<br \/>\n(Splaiul Independentei, 105, sector 5).<\/strong><\/p>\n<p>\ud83c\udf1f <em>Dou\u0103 zile pline de energie, inspira\u021bie \u0219i conexiune \u2013 pentru studen\u021bi, profesioni\u0219ti, iubitori de animale, dar \u0219i pentru viitorii no\u0219tri colegi care viseaz\u0103 la o carier\u0103 \u00een medicina veterinar\u0103!<\/em><\/p>\n<p><strong>\ud83d\udc3e<\/strong><strong> Ce v\u0103 a\u0219teapt\u0103:<\/strong><\/p>\n<ul>\n<li><strong>Cursuri educative<\/strong>: Al\u0103tura\u021bi-v\u0103 cursurilor menite s\u0103 ofere informa\u021bii actualizate despre ingrijirea \u0219i nutri\u021bia animalelor, deparazitare, vaccinare si prevenirea bolilor la animale.<\/li>\n<li><strong>Invita\u021bi speciali<\/strong>: Evenimentul va g\u0103zdui profesioni\u0219ti renumi\u021bi \u00een medicina veterinar\u0103, care vor \u00eemp\u0103rt\u0103\u0219i din experien\u021ba lor \u0219i vor r\u0103spunde \u00eentreb\u0103rilor participan\u021bilor.\u200b<\/li>\n<li><strong>Demonstra\u021bii spectaculoase<\/strong>: Nu rata\u021bi demonstra\u021biile de dresaj canin \u0219i ecvestru, oferite de Jandarmeria Rom\u00e2n\u0103, care vor eviden\u021bia abilit\u0103\u021bile \u0219i inteligen\u021ba animalelor.\u200b<\/li>\n<li><strong>Sa ne cunoastem partenerii : <\/strong>Prezentare hergheliilor traditionale Romsilva prin Direc\u021bia de Cre\u0219tere, Exploatare, Ameliorare a cabalinelor R.A<\/li>\n<li><strong>Din secretele dresajului canin<\/strong><\/li>\n<li><strong>Atelier de pictura<\/strong><\/li>\n<li><strong>Programe artistice de dans<\/strong>: Scoal\u0103 de dans \u0219i Ansamblul Bucur<\/li>\n<li><strong>Expozi\u021bie cu v\u00e2nzare<\/strong>: Vizita\u021bi standurile cu produse pentru animale, de la hran\u0103 s\u0103n\u0103toas\u0103 la accesorii \u0219i c\u0103r\u021bi de specialitate.<\/li>\n<li><strong>Tururi ghidate ale campusului<\/strong>: Descoperi\u021bi unde se formeaz\u0103 viitorii medici veterinari \u0219i afla\u021bi mai multe despre dot\u0103rile facult\u0103\u021bii.\u200b<\/li>\n<\/ul>\n<p style=\"text-align: center;\"><span style=\"color: #3366ff;\"><strong>Pentru a v\u0103 \u00eenscrie la un tur ghidat accesa\u021bi <a href=\"https:\/\/forms.gle\/bw6YrQ5g5KyLgYuF6\">https:\/\/forms.gle\/bw6YrQ5g5KyLgYuF6<\/a><\/strong><\/span><\/p>\n<p>Evenimentul este deschis tuturor iubitorilor de animale, elevilor, studen\u021bilor \u0219i profesioni\u0219tilor din domeniu. Pentru mai multe informa\u021bii \u0219i pentru a v\u0103 \u00eenscrie la activit\u0103\u021bi, vizita\u021bi site-ul oficial al facult\u0103\u021bii: <a href=\"http:\/\/www.fmvb.ro\">www.fmvb.ro\u00a0<\/a><\/p>\n<p>V\u0103 a\u0219tept\u0103m cu entuziasm s\u0103 s\u0103rb\u0103tori\u021bi al\u0103turi de noi pasiunea pentru animale!<\/p><\/div>\n<p><!-- .vgblk-rw-wrapper --><\/p>\n","protected":false},"excerpt":{"rendered":"<p>V\u0103 invit\u0103m cu drag la cea de-a cincea edi\u021bie a evenimentului\u00a0 &#8220;Zilele Facult\u0103\u021bii de Medicin\u0103 Veterinar\u0103&#8221;, care va avea loc \u00een perioada 15\u201316 mai 2026, \u00een campusul Veterinar\u0103\u2013Cotroceni (Splaiul Independentei, 105, sector 5). \ud83c\udf1f Dou\u0103 zile pline de energie, inspira\u021bie \u0219i conexiune \u2013 pentru studen\u021bi, profesioni\u0219ti, iubitori de animale, dar \u0219i pentru viitorii no\u0219tri colegi&#8230;<\/p>\n","protected":false},"author":10,"featured_media":1022341,"comment_status":"closed","ping_status":"closed","sticky":false,"template":"","format":"standard","meta":{"inline_featured_image":false,"footnotes":""},"categories":[63],"tags":[],"class_list":["post-1022343","post","type-post","status-publish","format-standard","has-post-thumbnail","hentry","category-noutati-en"],"yoast_head":"<!-- This site is optimized with the Yoast SEO plugin v27.4 - https:\/\/yoast.com\/product\/yoast-seo-wordpress\/ -->\n<title>\ud83d\udce3 Zilele Facult\u0103\u021bii de Medicin\u0103 Veterinar\u0103 \u2013 Edi\u021bia a V-a | 15\u201316 mai 2026 - Facultatea de Medicin\u0103 Veterinar\u0103 | USAMV Bucure\u015fti<\/title>\n<meta name=\"robots\" content=\"index, follow, max-snippet:-1, max-image-preview:large, max-video-preview:-1\" \/>\n<link rel=\"canonical\" href=\"https:\/\/fmvb.ro\/en\/\ud83d\udce3-zilele-facultatii-de-medicina-veterinara-editia-a-v-a-15-16-mai-2026\/\" \/>\n<meta property=\"og:locale\" content=\"en_US\" \/>\n<meta property=\"og:type\" content=\"article\" \/>\n<meta property=\"og:title\" content=\"\ud83d\udce3 Zilele Facult\u0103\u021bii de Medicin\u0103 Veterinar\u0103 \u2013 Edi\u021bia a V-a | 15\u201316 mai 2026 - Facultatea de Medicin\u0103 Veterinar\u0103 | USAMV Bucure\u015fti\" \/>\n<meta property=\"og:description\" content=\"V\u0103 invit\u0103m cu drag la cea de-a cincea edi\u021bie a evenimentului\u00a0 &#8220;Zilele Facult\u0103\u021bii de Medicin\u0103 Veterinar\u0103&#8221;, care va avea loc \u00een perioada 15\u201316 mai 2026, \u00een campusul Veterinar\u0103\u2013Cotroceni (Splaiul Independentei, 105, sector 5). \ud83c\udf1f Dou\u0103 zile pline de energie, inspira\u021bie \u0219i conexiune \u2013 pentru studen\u021bi, profesioni\u0219ti, iubitori de animale, dar \u0219i pentru viitorii no\u0219tri colegi...\" \/>\n<meta property=\"og:url\" content=\"https:\/\/fmvb.ro\/en\/\ud83d\udce3-zilele-facultatii-de-medicina-veterinara-editia-a-v-a-15-16-mai-2026\/\" \/>\n<meta property=\"og:site_name\" content=\"Facultatea de Medicin\u0103 Veterinar\u0103 | USAMV Bucure\u015fti\" \/>\n<meta property=\"article:publisher\" content=\"https:\/\/www.facebook.com\/profile.php?id=100083306763586\" \/>\n<meta property=\"article:published_time\" content=\"2026-04-29T11:16:47+00:00\" \/>\n<meta property=\"article:modified_time\" content=\"2026-04-29T11:26:55+00:00\" \/>\n<meta property=\"og:image\" content=\"https:\/\/fmvb.ro\/wp-content\/uploads\/2026\/04\/WhatsApp-Image-2026-04-28-at-07.29.59.jpeg\" \/>\n\t<meta property=\"og:image:width\" content=\"1063\" \/>\n\t<meta property=\"og:image:height\" content=\"353\" \/>\n\t<meta property=\"og:image:type\" content=\"image\/jpeg\" \/>\n<meta name=\"author\" content=\"ionut.fmvb\" \/>\n<meta name=\"twitter:card\" content=\"summary_large_image\" \/>\n<meta name=\"twitter:label1\" content=\"Written by\" \/>\n\t<meta name=\"twitter:data1\" content=\"ionut.fmvb\" \/>\n\t<meta name=\"twitter:label2\" content=\"Est. reading time\" \/>\n\t<meta name=\"twitter:data2\" content=\"2 minutes\" \/>\n<script type=\"application\/ld+json\" class=\"yoast-schema-graph\">{\"@context\":\"https:\\\/\\\/schema.org\",\"@graph\":[{\"@type\":\"Article\",\"@id\":\"https:\\\/\\\/fmvb.ro\\\/en\\\/%f0%9f%93%a3-zilele-facultatii-de-medicina-veterinara-editia-a-v-a-15-16-mai-2026\\\/#article\",\"isPartOf\":{\"@id\":\"https:\\\/\\\/fmvb.ro\\\/en\\\/%f0%9f%93%a3-zilele-facultatii-de-medicina-veterinara-editia-a-v-a-15-16-mai-2026\\\/\"},\"author\":{\"name\":\"ionut.fmvb\",\"@id\":\"https:\\\/\\\/fmvb.ro\\\/#\\\/schema\\\/person\\\/fbb399addd41a769b1d395027ba2a1b9\"},\"headline\":\"\ud83d\udce3 Zilele Facult\u0103\u021bii de Medicin\u0103 Veterinar\u0103 \u2013 Edi\u021bia a V-a | 15\u201316 mai 2026\",\"datePublished\":\"2026-04-29T11:16:47+00:00\",\"dateModified\":\"2026-04-29T11:26:55+00:00\",\"mainEntityOfPage\":{\"@id\":\"https:\\\/\\\/fmvb.ro\\\/en\\\/%f0%9f%93%a3-zilele-facultatii-de-medicina-veterinara-editia-a-v-a-15-16-mai-2026\\\/\"},\"wordCount\":322,\"publisher\":{\"@id\":\"https:\\\/\\\/fmvb.ro\\\/#organization\"},\"image\":{\"@id\":\"https:\\\/\\\/fmvb.ro\\\/en\\\/%f0%9f%93%a3-zilele-facultatii-de-medicina-veterinara-editia-a-v-a-15-16-mai-2026\\\/#primaryimage\"},\"thumbnailUrl\":\"https:\\\/\\\/fmvb.ro\\\/wp-content\\\/uploads\\\/2026\\\/04\\\/WhatsApp-Image-2026-04-28-at-07.29.59.jpeg\",\"articleSection\":[\"Noutati\"],\"inLanguage\":\"en-US\"},{\"@type\":\"WebPage\",\"@id\":\"https:\\\/\\\/fmvb.ro\\\/en\\\/%f0%9f%93%a3-zilele-facultatii-de-medicina-veterinara-editia-a-v-a-15-16-mai-2026\\\/\",\"url\":\"https:\\\/\\\/fmvb.ro\\\/en\\\/%f0%9f%93%a3-zilele-facultatii-de-medicina-veterinara-editia-a-v-a-15-16-mai-2026\\\/\",\"name\":\"\ud83d\udce3 Zilele Facult\u0103\u021bii de Medicin\u0103 Veterinar\u0103 \u2013 Edi\u021bia a V-a | 15\u201316 mai 2026 - Facultatea de Medicin\u0103 Veterinar\u0103 | USAMV Bucure\u015fti\",\"isPartOf\":{\"@id\":\"https:\\\/\\\/fmvb.ro\\\/#website\"},\"primaryImageOfPage\":{\"@id\":\"https:\\\/\\\/fmvb.ro\\\/en\\\/%f0%9f%93%a3-zilele-facultatii-de-medicina-veterinara-editia-a-v-a-15-16-mai-2026\\\/#primaryimage\"},\"image\":{\"@id\":\"https:\\\/\\\/fmvb.ro\\\/en\\\/%f0%9f%93%a3-zilele-facultatii-de-medicina-veterinara-editia-a-v-a-15-16-mai-2026\\\/#primaryimage\"},\"thumbnailUrl\":\"https:\\\/\\\/fmvb.ro\\\/wp-content\\\/uploads\\\/2026\\\/04\\\/WhatsApp-Image-2026-04-28-at-07.29.59.jpeg\",\"datePublished\":\"2026-04-29T11:16:47+00:00\",\"dateModified\":\"2026-04-29T11:26:55+00:00\",\"breadcrumb\":{\"@id\":\"https:\\\/\\\/fmvb.ro\\\/en\\\/%f0%9f%93%a3-zilele-facultatii-de-medicina-veterinara-editia-a-v-a-15-16-mai-2026\\\/#breadcrumb\"},\"inLanguage\":\"en-US\",\"potentialAction\":[{\"@type\":\"ReadAction\",\"target\":[\"https:\\\/\\\/fmvb.ro\\\/en\\\/%f0%9f%93%a3-zilele-facultatii-de-medicina-veterinara-editia-a-v-a-15-16-mai-2026\\\/\"]}]},{\"@type\":\"ImageObject\",\"inLanguage\":\"en-US\",\"@id\":\"https:\\\/\\\/fmvb.ro\\\/en\\\/%f0%9f%93%a3-zilele-facultatii-de-medicina-veterinara-editia-a-v-a-15-16-mai-2026\\\/#primaryimage\",\"url\":\"https:\\\/\\\/fmvb.ro\\\/wp-content\\\/uploads\\\/2026\\\/04\\\/WhatsApp-Image-2026-04-28-at-07.29.59.jpeg\",\"contentUrl\":\"https:\\\/\\\/fmvb.ro\\\/wp-content\\\/uploads\\\/2026\\\/04\\\/WhatsApp-Image-2026-04-28-at-07.29.59.jpeg\",\"width\":1063,\"height\":353},{\"@type\":\"BreadcrumbList\",\"@id\":\"https:\\\/\\\/fmvb.ro\\\/en\\\/%f0%9f%93%a3-zilele-facultatii-de-medicina-veterinara-editia-a-v-a-15-16-mai-2026\\\/#breadcrumb\",\"itemListElement\":[{\"@type\":\"ListItem\",\"position\":1,\"name\":\"Prima pagin\u0103\",\"item\":\"https:\\\/\\\/fmvb.ro\\\/en\\\/\"},{\"@type\":\"ListItem\",\"position\":2,\"name\":\"\ud83d\udce3 Zilele Facult\u0103\u021bii de Medicin\u0103 Veterinar\u0103 \u2013 Edi\u021bia a V-a | 15\u201316 mai 2026\"}]},{\"@type\":\"WebSite\",\"@id\":\"https:\\\/\\\/fmvb.ro\\\/#website\",\"url\":\"https:\\\/\\\/fmvb.ro\\\/\",\"name\":\"Facultatea de Medicin\u0103 Veterinar\u0103 | USAMV Bucure\u015fti\",\"description\":\"\",\"publisher\":{\"@id\":\"https:\\\/\\\/fmvb.ro\\\/#organization\"},\"potentialAction\":[{\"@type\":\"SearchAction\",\"target\":{\"@type\":\"EntryPoint\",\"urlTemplate\":\"https:\\\/\\\/fmvb.ro\\\/?s={search_term_string}\"},\"query-input\":{\"@type\":\"PropertyValueSpecification\",\"valueRequired\":true,\"valueName\":\"search_term_string\"}}],\"inLanguage\":\"en-US\"},{\"@type\":\"Organization\",\"@id\":\"https:\\\/\\\/fmvb.ro\\\/#organization\",\"name\":\"Facultatea de Medicin\u0103 Veterinar\u0103 | USAMV Bucure\u015fti\",\"url\":\"https:\\\/\\\/fmvb.ro\\\/\",\"logo\":{\"@type\":\"ImageObject\",\"inLanguage\":\"en-US\",\"@id\":\"https:\\\/\\\/fmvb.ro\\\/#\\\/schema\\\/logo\\\/image\\\/\",\"url\":\"https:\\\/\\\/fmvb.ro\\\/wp-content\\\/uploads\\\/2022\\\/09\\\/logo-MV-corect.svg\",\"contentUrl\":\"https:\\\/\\\/fmvb.ro\\\/wp-content\\\/uploads\\\/2022\\\/09\\\/logo-MV-corect.svg\",\"caption\":\"Facultatea de Medicin\u0103 Veterinar\u0103 | USAMV Bucure\u015fti\"},\"image\":{\"@id\":\"https:\\\/\\\/fmvb.ro\\\/#\\\/schema\\\/logo\\\/image\\\/\"},\"sameAs\":[\"https:\\\/\\\/www.facebook.com\\\/profile.php?id=100083306763586\",\"https:\\\/\\\/www.instagram.com\\\/usamv_buc\\\/\",\"https:\\\/\\\/www.tiktok.com\\\/@usamvbucuresti\",\"https:\\\/\\\/www.linkedin.com\\\/school\\\/universitatea-de-tiine-agronomice-i-medicin-veterinar-din-bucureti\\\/\"]},{\"@type\":\"Person\",\"@id\":\"https:\\\/\\\/fmvb.ro\\\/#\\\/schema\\\/person\\\/fbb399addd41a769b1d395027ba2a1b9\",\"name\":\"ionut.fmvb\",\"image\":{\"@type\":\"ImageObject\",\"inLanguage\":\"en-US\",\"@id\":\"https:\\\/\\\/secure.gravatar.com\\\/avatar\\\/dde3e8a57677dd5201c5cac58725189f6429adbc92c470bf1e8a214694a40e17?s=96&d=mm&r=g\",\"url\":\"https:\\\/\\\/secure.gravatar.com\\\/avatar\\\/dde3e8a57677dd5201c5cac58725189f6429adbc92c470bf1e8a214694a40e17?s=96&d=mm&r=g\",\"contentUrl\":\"https:\\\/\\\/secure.gravatar.com\\\/avatar\\\/dde3e8a57677dd5201c5cac58725189f6429adbc92c470bf1e8a214694a40e17?s=96&d=mm&r=g\",\"caption\":\"ionut.fmvb\"}}]}<\/script>\n<!-- \/ Yoast SEO plugin. -->","yoast_head_json":{"title":"\ud83d\udce3 Zilele Facult\u0103\u021bii de Medicin\u0103 Veterinar\u0103 \u2013 Edi\u021bia a V-a | 15\u201316 mai 2026 - Facultatea de Medicin\u0103 Veterinar\u0103 | USAMV Bucure\u015fti","robots":{"index":"index","follow":"follow","max-snippet":"max-snippet:-1","max-image-preview":"max-image-preview:large","max-video-preview":"max-video-preview:-1"},"canonical":"https:\/\/fmvb.ro\/en\/\ud83d\udce3-zilele-facultatii-de-medicina-veterinara-editia-a-v-a-15-16-mai-2026\/","og_locale":"en_US","og_type":"article","og_title":"\ud83d\udce3 Zilele Facult\u0103\u021bii de Medicin\u0103 Veterinar\u0103 \u2013 Edi\u021bia a V-a | 15\u201316 mai 2026 - Facultatea de Medicin\u0103 Veterinar\u0103 | USAMV Bucure\u015fti","og_description":"V\u0103 invit\u0103m cu drag la cea de-a cincea edi\u021bie a evenimentului\u00a0 &#8220;Zilele Facult\u0103\u021bii de Medicin\u0103 Veterinar\u0103&#8221;, care va avea loc \u00een perioada 15\u201316 mai 2026, \u00een campusul Veterinar\u0103\u2013Cotroceni (Splaiul Independentei, 105, sector 5). \ud83c\udf1f Dou\u0103 zile pline de energie, inspira\u021bie \u0219i conexiune \u2013 pentru studen\u021bi, profesioni\u0219ti, iubitori de animale, dar \u0219i pentru viitorii no\u0219tri colegi...","og_url":"https:\/\/fmvb.ro\/en\/\ud83d\udce3-zilele-facultatii-de-medicina-veterinara-editia-a-v-a-15-16-mai-2026\/","og_site_name":"Facultatea de Medicin\u0103 Veterinar\u0103 | USAMV Bucure\u015fti","article_publisher":"https:\/\/www.facebook.com\/profile.php?id=100083306763586","article_published_time":"2026-04-29T11:16:47+00:00","article_modified_time":"2026-04-29T11:26:55+00:00","og_image":[{"width":1063,"height":353,"url":"https:\/\/fmvb.ro\/wp-content\/uploads\/2026\/04\/WhatsApp-Image-2026-04-28-at-07.29.59.jpeg","type":"image\/jpeg"}],"author":"ionut.fmvb","twitter_card":"summary_large_image","twitter_misc":{"Written by":"ionut.fmvb","Est. reading time":"2 minutes"},"schema":{"@context":"https:\/\/schema.org","@graph":[{"@type":"Article","@id":"https:\/\/fmvb.ro\/en\/%f0%9f%93%a3-zilele-facultatii-de-medicina-veterinara-editia-a-v-a-15-16-mai-2026\/#article","isPartOf":{"@id":"https:\/\/fmvb.ro\/en\/%f0%9f%93%a3-zilele-facultatii-de-medicina-veterinara-editia-a-v-a-15-16-mai-2026\/"},"author":{"name":"ionut.fmvb","@id":"https:\/\/fmvb.ro\/#\/schema\/person\/fbb399addd41a769b1d395027ba2a1b9"},"headline":"\ud83d\udce3 Zilele Facult\u0103\u021bii de Medicin\u0103 Veterinar\u0103 \u2013 Edi\u021bia a V-a | 15\u201316 mai 2026","datePublished":"2026-04-29T11:16:47+00:00","dateModified":"2026-04-29T11:26:55+00:00","mainEntityOfPage":{"@id":"https:\/\/fmvb.ro\/en\/%f0%9f%93%a3-zilele-facultatii-de-medicina-veterinara-editia-a-v-a-15-16-mai-2026\/"},"wordCount":322,"publisher":{"@id":"https:\/\/fmvb.ro\/#organization"},"image":{"@id":"https:\/\/fmvb.ro\/en\/%f0%9f%93%a3-zilele-facultatii-de-medicina-veterinara-editia-a-v-a-15-16-mai-2026\/#primaryimage"},"thumbnailUrl":"https:\/\/fmvb.ro\/wp-content\/uploads\/2026\/04\/WhatsApp-Image-2026-04-28-at-07.29.59.jpeg","articleSection":["Noutati"],"inLanguage":"en-US"},{"@type":"WebPage","@id":"https:\/\/fmvb.ro\/en\/%f0%9f%93%a3-zilele-facultatii-de-medicina-veterinara-editia-a-v-a-15-16-mai-2026\/","url":"https:\/\/fmvb.ro\/en\/%f0%9f%93%a3-zilele-facultatii-de-medicina-veterinara-editia-a-v-a-15-16-mai-2026\/","name":"\ud83d\udce3 Zilele Facult\u0103\u021bii de Medicin\u0103 Veterinar\u0103 \u2013 Edi\u021bia a V-a | 15\u201316 mai 2026 - Facultatea de Medicin\u0103 Veterinar\u0103 | USAMV Bucure\u015fti","isPartOf":{"@id":"https:\/\/fmvb.ro\/#website"},"primaryImageOfPage":{"@id":"https:\/\/fmvb.ro\/en\/%f0%9f%93%a3-zilele-facultatii-de-medicina-veterinara-editia-a-v-a-15-16-mai-2026\/#primaryimage"},"image":{"@id":"https:\/\/fmvb.ro\/en\/%f0%9f%93%a3-zilele-facultatii-de-medicina-veterinara-editia-a-v-a-15-16-mai-2026\/#primaryimage"},"thumbnailUrl":"https:\/\/fmvb.ro\/wp-content\/uploads\/2026\/04\/WhatsApp-Image-2026-04-28-at-07.29.59.jpeg","datePublished":"2026-04-29T11:16:47+00:00","dateModified":"2026-04-29T11:26:55+00:00","breadcrumb":{"@id":"https:\/\/fmvb.ro\/en\/%f0%9f%93%a3-zilele-facultatii-de-medicina-veterinara-editia-a-v-a-15-16-mai-2026\/#breadcrumb"},"inLanguage":"en-US","potentialAction":[{"@type":"ReadAction","target":["https:\/\/fmvb.ro\/en\/%f0%9f%93%a3-zilele-facultatii-de-medicina-veterinara-editia-a-v-a-15-16-mai-2026\/"]}]},{"@type":"ImageObject","inLanguage":"en-US","@id":"https:\/\/fmvb.ro\/en\/%f0%9f%93%a3-zilele-facultatii-de-medicina-veterinara-editia-a-v-a-15-16-mai-2026\/#primaryimage","url":"https:\/\/fmvb.ro\/wp-content\/uploads\/2026\/04\/WhatsApp-Image-2026-04-28-at-07.29.59.jpeg","contentUrl":"https:\/\/fmvb.ro\/wp-content\/uploads\/2026\/04\/WhatsApp-Image-2026-04-28-at-07.29.59.jpeg","width":1063,"height":353},{"@type":"BreadcrumbList","@id":"https:\/\/fmvb.ro\/en\/%f0%9f%93%a3-zilele-facultatii-de-medicina-veterinara-editia-a-v-a-15-16-mai-2026\/#breadcrumb","itemListElement":[{"@type":"ListItem","position":1,"name":"Prima pagin\u0103","item":"https:\/\/fmvb.ro\/en\/"},{"@type":"ListItem","position":2,"name":"\ud83d\udce3 Zilele Facult\u0103\u021bii de Medicin\u0103 Veterinar\u0103 \u2013 Edi\u021bia a V-a | 15\u201316 mai 2026"}]},{"@type":"WebSite","@id":"https:\/\/fmvb.ro\/#website","url":"https:\/\/fmvb.ro\/","name":"Facultatea de Medicin\u0103 Veterinar\u0103 | USAMV Bucure\u015fti","description":"","publisher":{"@id":"https:\/\/fmvb.ro\/#organization"},"potentialAction":[{"@type":"SearchAction","target":{"@type":"EntryPoint","urlTemplate":"https:\/\/fmvb.ro\/?s={search_term_string}"},"query-input":{"@type":"PropertyValueSpecification","valueRequired":true,"valueName":"search_term_string"}}],"inLanguage":"en-US"},{"@type":"Organization","@id":"https:\/\/fmvb.ro\/#organization","name":"Facultatea de Medicin\u0103 Veterinar\u0103 | USAMV Bucure\u015fti","url":"https:\/\/fmvb.ro\/","logo":{"@type":"ImageObject","inLanguage":"en-US","@id":"https:\/\/fmvb.ro\/#\/schema\/logo\/image\/","url":"https:\/\/fmvb.ro\/wp-content\/uploads\/2022\/09\/logo-MV-corect.svg","contentUrl":"https:\/\/fmvb.ro\/wp-content\/uploads\/2022\/09\/logo-MV-corect.svg","caption":"Facultatea de Medicin\u0103 Veterinar\u0103 | USAMV Bucure\u015fti"},"image":{"@id":"https:\/\/fmvb.ro\/#\/schema\/logo\/image\/"},"sameAs":["https:\/\/www.facebook.com\/profile.php?id=100083306763586","https:\/\/www.instagram.com\/usamv_buc\/","https:\/\/www.tiktok.com\/@usamvbucuresti","https:\/\/www.linkedin.com\/school\/universitatea-de-tiine-agronomice-i-medicin-veterinar-din-bucureti\/"]},{"@type":"Person","@id":"https:\/\/fmvb.ro\/#\/schema\/person\/fbb399addd41a769b1d395027ba2a1b9","name":"ionut.fmvb","image":{"@type":"ImageObject","inLanguage":"en-US","@id":"https:\/\/secure.gravatar.com\/avatar\/dde3e8a57677dd5201c5cac58725189f6429adbc92c470bf1e8a214694a40e17?s=96&d=mm&r=g","url":"https:\/\/secure.gravatar.com\/avatar\/dde3e8a57677dd5201c5cac58725189f6429adbc92c470bf1e8a214694a40e17?s=96&d=mm&r=g","contentUrl":"https:\/\/secure.gravatar.com\/avatar\/dde3e8a57677dd5201c5cac58725189f6429adbc92c470bf1e8a214694a40e17?s=96&d=mm&r=g","caption":"ionut.fmvb"}}]}},"_links":{"self":[{"href":"https:\/\/fmvb.ro\/en\/wp-json\/wp\/v2\/posts\/1022343","targetHints":{"allow":["GET"]}}],"collection":[{"href":"https:\/\/fmvb.ro\/en\/wp-json\/wp\/v2\/posts"}],"about":[{"href":"https:\/\/fmvb.ro\/en\/wp-json\/wp\/v2\/types\/post"}],"author":[{"embeddable":true,"href":"https:\/\/fmvb.ro\/en\/wp-json\/wp\/v2\/users\/10"}],"replies":[{"embeddable":true,"href":"https:\/\/fmvb.ro\/en\/wp-json\/wp\/v2\/comments?post=1022343"}],"version-history":[{"count":3,"href":"https:\/\/fmvb.ro\/en\/wp-json\/wp\/v2\/posts\/1022343\/revisions"}],"predecessor-version":[{"id":1022352,"href":"https:\/\/fmvb.ro\/en\/wp-json\/wp\/v2\/posts\/1022343\/revisions\/1022352"}],"wp:featuredmedia":[{"embeddable":true,"href":"https:\/\/fmvb.ro\/en\/wp-json\/wp\/v2\/media\/1022341"}],"wp:attachment":[{"href":"https:\/\/fmvb.ro\/en\/wp-json\/wp\/v2\/media?parent=1022343"}],"wp:term":[{"taxonomy":"category","embeddable":true,"href":"https:\/\/fmvb.ro\/en\/wp-json\/wp\/v2\/categories?post=1022343"},{"taxonomy":"post_tag","embeddable":true,"href":"https:\/\/fmvb.ro\/en\/wp-json\/wp\/v2\/tags?post=1022343"}],"curies":[{"name":"wp","href":"https:\/\/api.w.org\/{rel}","templated":true}]}}