{"id":1018152,"date":"2025-11-24T12:25:50","date_gmt":"2025-11-24T10:25:50","guid":{"rendered":"https:\/\/fmvb.ro\/?p=1018152"},"modified":"2025-11-24T12:36:04","modified_gmt":"2025-11-24T10:36:04","slug":"the-1st-veted-europe-conference-bucharest-10-12-september-2026","status":"publish","type":"post","link":"https:\/\/fmvb.ro\/fr\/the-1st-veted-europe-conference-bucharest-10-12-september-2026\/","title":{"rendered":"The 1st VetEd Europe Conference \u2013 Bucharest, 10-12 September 2026"},"content":{"rendered":"<p>We are delighted to announce the launch of the first edition of the <strong>VetEd Europe Conference<\/strong>, which will take place at the Faculty of Veterinary Medicine, University of Agronomic Sciences and Veterinary Medicine of Bucharest, from <strong>10-12 September 2026<\/strong>.<\/p>\n<p>VetEd Europe 2026 extends the global VetEd family to Europe, bringing together veterinary educators and representatives of institutions involved in undergraduate and postgraduate veterinary education to share good practice and innovation. In true VetEd spirit, the event is organised by and within the host faculty, emphasising interactive workshops, short communications, and posters over traditional lectures.<\/p>\n<p>This inaugural edition aims to build a European community of practice for veterinary educators, showcasing innovation in clinical and preclinical teaching, assessment, and curriculum design, while strengthening collaboration among institutions and specialists, and fostering new international partnerships.<\/p>\n<p>Further details \u2013 conference theme, call for abstracts, and registration \u2013 will follow soon.<br \/>\nPlease save the date: 10-12 September 2026 and join us in Bucharest, to participate in this landmark event in European veterinary education.<\/p>\n<p>&nbsp;<\/p>\n<p><strong>The VetEd Europe 2026 Organising Committee<\/strong><\/p>\n<p><strong>Faculty of Veterinary Medicine, <\/strong><\/p>\n<p><strong>University of Agronomic Sciences and Veterinary Medicine of Bucharest<\/strong><\/p>\n","protected":false},"excerpt":{"rendered":"<p>We are delighted to announce the launch of the first edition of the VetEd Europe Conference, which will take place at the Faculty of Veterinary Medicine, University of Agronomic Sciences and Veterinary Medicine of Bucharest, from 10-12 September 2026. VetEd Europe 2026 extends the global VetEd family to Europe, bringing together veterinary educators and representatives&#8230;<\/p>\n","protected":false},"author":10,"featured_media":1018147,"comment_status":"closed","ping_status":"closed","sticky":false,"template":"","format":"standard","meta":{"inline_featured_image":false,"footnotes":""},"categories":[64],"tags":[],"class_list":["post-1018152","post","type-post","status-publish","format-standard","has-post-thumbnail","hentry","category-noutati-fr"],"yoast_head":"<!-- This site is optimized with the Yoast SEO plugin v27.4 - https:\/\/yoast.com\/product\/yoast-seo-wordpress\/ -->\n<title>The 1st VetEd Europe Conference \u2013 Bucharest, 10-12 September 2026 - Facultatea de Medicin\u0103 Veterinar\u0103 | USAMV Bucure\u015fti<\/title>\n<meta name=\"robots\" content=\"index, follow, max-snippet:-1, max-image-preview:large, max-video-preview:-1\" \/>\n<link rel=\"canonical\" href=\"https:\/\/fmvb.ro\/the-1st-veted-europe-conference-bucharest-10-12-september-2026\/\" \/>\n<meta property=\"og:locale\" content=\"fr_FR\" \/>\n<meta property=\"og:type\" content=\"article\" \/>\n<meta property=\"og:title\" content=\"The 1st VetEd Europe Conference \u2013 Bucharest, 10-12 September 2026 - Facultatea de Medicin\u0103 Veterinar\u0103 | USAMV Bucure\u015fti\" \/>\n<meta property=\"og:description\" content=\"We are delighted to announce the launch of the first edition of the VetEd Europe Conference, which will take place at the Faculty of Veterinary Medicine, University of Agronomic Sciences and Veterinary Medicine of Bucharest, from 10-12 September 2026. VetEd Europe 2026 extends the global VetEd family to Europe, bringing together veterinary educators and representatives...\" \/>\n<meta property=\"og:url\" content=\"https:\/\/fmvb.ro\/the-1st-veted-europe-conference-bucharest-10-12-september-2026\/\" \/>\n<meta property=\"og:site_name\" content=\"Facultatea de Medicin\u0103 Veterinar\u0103 | USAMV Bucure\u015fti\" \/>\n<meta property=\"article:publisher\" content=\"https:\/\/www.facebook.com\/profile.php?id=100083306763586\" \/>\n<meta property=\"article:published_time\" content=\"2025-11-24T10:25:50+00:00\" \/>\n<meta property=\"article:modified_time\" content=\"2025-11-24T10:36:04+00:00\" \/>\n<meta property=\"og:image\" content=\"https:\/\/fmvb.ro\/wp-content\/uploads\/2025\/11\/WhatsApp-Image-2025-11-24-at-12.17.09.jpeg\" \/>\n\t<meta property=\"og:image:width\" content=\"1131\" \/>\n\t<meta property=\"og:image:height\" content=\"1600\" \/>\n\t<meta property=\"og:image:type\" content=\"image\/jpeg\" \/>\n<meta name=\"author\" content=\"ionut.fmvb\" \/>\n<meta name=\"twitter:card\" content=\"summary_large_image\" \/>\n<meta name=\"twitter:label1\" content=\"\u00c9crit par\" \/>\n\t<meta name=\"twitter:data1\" content=\"ionut.fmvb\" \/>\n\t<meta name=\"twitter:label2\" content=\"Dur\u00e9e de lecture estim\u00e9e\" \/>\n\t<meta name=\"twitter:data2\" content=\"2 minutes\" \/>\n<script type=\"application\/ld+json\" class=\"yoast-schema-graph\">{\"@context\":\"https:\\\/\\\/schema.org\",\"@graph\":[{\"@type\":\"Article\",\"@id\":\"https:\\\/\\\/fmvb.ro\\\/the-1st-veted-europe-conference-bucharest-10-12-september-2026\\\/#article\",\"isPartOf\":{\"@id\":\"https:\\\/\\\/fmvb.ro\\\/the-1st-veted-europe-conference-bucharest-10-12-september-2026\\\/\"},\"author\":{\"name\":\"ionut.fmvb\",\"@id\":\"https:\\\/\\\/fmvb.ro\\\/#\\\/schema\\\/person\\\/fbb399addd41a769b1d395027ba2a1b9\"},\"headline\":\"The 1st VetEd Europe Conference \u2013 Bucharest, 10-12 September 2026\",\"datePublished\":\"2025-11-24T10:25:50+00:00\",\"dateModified\":\"2025-11-24T10:36:04+00:00\",\"mainEntityOfPage\":{\"@id\":\"https:\\\/\\\/fmvb.ro\\\/the-1st-veted-europe-conference-bucharest-10-12-september-2026\\\/\"},\"wordCount\":189,\"publisher\":{\"@id\":\"https:\\\/\\\/fmvb.ro\\\/#organization\"},\"image\":{\"@id\":\"https:\\\/\\\/fmvb.ro\\\/the-1st-veted-europe-conference-bucharest-10-12-september-2026\\\/#primaryimage\"},\"thumbnailUrl\":\"https:\\\/\\\/fmvb.ro\\\/wp-content\\\/uploads\\\/2025\\\/11\\\/WhatsApp-Image-2025-11-24-at-12.17.09.jpeg\",\"articleSection\":[\"Noutati\"],\"inLanguage\":\"fr-FR\"},{\"@type\":\"WebPage\",\"@id\":\"https:\\\/\\\/fmvb.ro\\\/the-1st-veted-europe-conference-bucharest-10-12-september-2026\\\/\",\"url\":\"https:\\\/\\\/fmvb.ro\\\/the-1st-veted-europe-conference-bucharest-10-12-september-2026\\\/\",\"name\":\"The 1st VetEd Europe Conference \u2013 Bucharest, 10-12 September 2026 - Facultatea de Medicin\u0103 Veterinar\u0103 | USAMV Bucure\u015fti\",\"isPartOf\":{\"@id\":\"https:\\\/\\\/fmvb.ro\\\/#website\"},\"primaryImageOfPage\":{\"@id\":\"https:\\\/\\\/fmvb.ro\\\/the-1st-veted-europe-conference-bucharest-10-12-september-2026\\\/#primaryimage\"},\"image\":{\"@id\":\"https:\\\/\\\/fmvb.ro\\\/the-1st-veted-europe-conference-bucharest-10-12-september-2026\\\/#primaryimage\"},\"thumbnailUrl\":\"https:\\\/\\\/fmvb.ro\\\/wp-content\\\/uploads\\\/2025\\\/11\\\/WhatsApp-Image-2025-11-24-at-12.17.09.jpeg\",\"datePublished\":\"2025-11-24T10:25:50+00:00\",\"dateModified\":\"2025-11-24T10:36:04+00:00\",\"breadcrumb\":{\"@id\":\"https:\\\/\\\/fmvb.ro\\\/the-1st-veted-europe-conference-bucharest-10-12-september-2026\\\/#breadcrumb\"},\"inLanguage\":\"fr-FR\",\"potentialAction\":[{\"@type\":\"ReadAction\",\"target\":[\"https:\\\/\\\/fmvb.ro\\\/the-1st-veted-europe-conference-bucharest-10-12-september-2026\\\/\"]}]},{\"@type\":\"ImageObject\",\"inLanguage\":\"fr-FR\",\"@id\":\"https:\\\/\\\/fmvb.ro\\\/the-1st-veted-europe-conference-bucharest-10-12-september-2026\\\/#primaryimage\",\"url\":\"https:\\\/\\\/fmvb.ro\\\/wp-content\\\/uploads\\\/2025\\\/11\\\/WhatsApp-Image-2025-11-24-at-12.17.09.jpeg\",\"contentUrl\":\"https:\\\/\\\/fmvb.ro\\\/wp-content\\\/uploads\\\/2025\\\/11\\\/WhatsApp-Image-2025-11-24-at-12.17.09.jpeg\",\"width\":1131,\"height\":1600},{\"@type\":\"BreadcrumbList\",\"@id\":\"https:\\\/\\\/fmvb.ro\\\/the-1st-veted-europe-conference-bucharest-10-12-september-2026\\\/#breadcrumb\",\"itemListElement\":[{\"@type\":\"ListItem\",\"position\":1,\"name\":\"Prima pagin\u0103\",\"item\":\"https:\\\/\\\/fmvb.ro\\\/\"},{\"@type\":\"ListItem\",\"position\":2,\"name\":\"The 1st VetEd Europe Conference \u2013 Bucharest, 10-12 September 2026\"}]},{\"@type\":\"WebSite\",\"@id\":\"https:\\\/\\\/fmvb.ro\\\/#website\",\"url\":\"https:\\\/\\\/fmvb.ro\\\/\",\"name\":\"Facultatea de Medicin\u0103 Veterinar\u0103 | USAMV Bucure\u015fti\",\"description\":\"\",\"publisher\":{\"@id\":\"https:\\\/\\\/fmvb.ro\\\/#organization\"},\"potentialAction\":[{\"@type\":\"SearchAction\",\"target\":{\"@type\":\"EntryPoint\",\"urlTemplate\":\"https:\\\/\\\/fmvb.ro\\\/?s={search_term_string}\"},\"query-input\":{\"@type\":\"PropertyValueSpecification\",\"valueRequired\":true,\"valueName\":\"search_term_string\"}}],\"inLanguage\":\"fr-FR\"},{\"@type\":\"Organization\",\"@id\":\"https:\\\/\\\/fmvb.ro\\\/#organization\",\"name\":\"Facultatea de Medicin\u0103 Veterinar\u0103 | USAMV Bucure\u015fti\",\"url\":\"https:\\\/\\\/fmvb.ro\\\/\",\"logo\":{\"@type\":\"ImageObject\",\"inLanguage\":\"fr-FR\",\"@id\":\"https:\\\/\\\/fmvb.ro\\\/#\\\/schema\\\/logo\\\/image\\\/\",\"url\":\"https:\\\/\\\/fmvb.ro\\\/wp-content\\\/uploads\\\/2022\\\/09\\\/logo-MV-corect.svg\",\"contentUrl\":\"https:\\\/\\\/fmvb.ro\\\/wp-content\\\/uploads\\\/2022\\\/09\\\/logo-MV-corect.svg\",\"width\":400,\"height\":100,\"caption\":\"Facultatea de Medicin\u0103 Veterinar\u0103 | USAMV Bucure\u015fti\"},\"image\":{\"@id\":\"https:\\\/\\\/fmvb.ro\\\/#\\\/schema\\\/logo\\\/image\\\/\"},\"sameAs\":[\"https:\\\/\\\/www.facebook.com\\\/profile.php?id=100083306763586\",\"https:\\\/\\\/www.instagram.com\\\/usamv_buc\\\/\",\"https:\\\/\\\/www.tiktok.com\\\/@usamvbucuresti\",\"https:\\\/\\\/www.linkedin.com\\\/school\\\/universitatea-de-tiine-agronomice-i-medicin-veterinar-din-bucureti\\\/\"]},{\"@type\":\"Person\",\"@id\":\"https:\\\/\\\/fmvb.ro\\\/#\\\/schema\\\/person\\\/fbb399addd41a769b1d395027ba2a1b9\",\"name\":\"ionut.fmvb\",\"image\":{\"@type\":\"ImageObject\",\"inLanguage\":\"fr-FR\",\"@id\":\"https:\\\/\\\/secure.gravatar.com\\\/avatar\\\/dde3e8a57677dd5201c5cac58725189f6429adbc92c470bf1e8a214694a40e17?s=96&d=mm&r=g\",\"url\":\"https:\\\/\\\/secure.gravatar.com\\\/avatar\\\/dde3e8a57677dd5201c5cac58725189f6429adbc92c470bf1e8a214694a40e17?s=96&d=mm&r=g\",\"contentUrl\":\"https:\\\/\\\/secure.gravatar.com\\\/avatar\\\/dde3e8a57677dd5201c5cac58725189f6429adbc92c470bf1e8a214694a40e17?s=96&d=mm&r=g\",\"caption\":\"ionut.fmvb\"}}]}<\/script>\n<!-- \/ Yoast SEO plugin. -->","yoast_head_json":{"title":"The 1st VetEd Europe Conference \u2013 Bucharest, 10-12 September 2026 - Facultatea de Medicin\u0103 Veterinar\u0103 | USAMV Bucure\u015fti","robots":{"index":"index","follow":"follow","max-snippet":"max-snippet:-1","max-image-preview":"max-image-preview:large","max-video-preview":"max-video-preview:-1"},"canonical":"https:\/\/fmvb.ro\/the-1st-veted-europe-conference-bucharest-10-12-september-2026\/","og_locale":"fr_FR","og_type":"article","og_title":"The 1st VetEd Europe Conference \u2013 Bucharest, 10-12 September 2026 - Facultatea de Medicin\u0103 Veterinar\u0103 | USAMV Bucure\u015fti","og_description":"We are delighted to announce the launch of the first edition of the VetEd Europe Conference, which will take place at the Faculty of Veterinary Medicine, University of Agronomic Sciences and Veterinary Medicine of Bucharest, from 10-12 September 2026. VetEd Europe 2026 extends the global VetEd family to Europe, bringing together veterinary educators and representatives...","og_url":"https:\/\/fmvb.ro\/the-1st-veted-europe-conference-bucharest-10-12-september-2026\/","og_site_name":"Facultatea de Medicin\u0103 Veterinar\u0103 | USAMV Bucure\u015fti","article_publisher":"https:\/\/www.facebook.com\/profile.php?id=100083306763586","article_published_time":"2025-11-24T10:25:50+00:00","article_modified_time":"2025-11-24T10:36:04+00:00","og_image":[{"width":1131,"height":1600,"url":"https:\/\/fmvb.ro\/wp-content\/uploads\/2025\/11\/WhatsApp-Image-2025-11-24-at-12.17.09.jpeg","type":"image\/jpeg"}],"author":"ionut.fmvb","twitter_card":"summary_large_image","twitter_misc":{"\u00c9crit par":"ionut.fmvb","Dur\u00e9e de lecture estim\u00e9e":"2 minutes"},"schema":{"@context":"https:\/\/schema.org","@graph":[{"@type":"Article","@id":"https:\/\/fmvb.ro\/the-1st-veted-europe-conference-bucharest-10-12-september-2026\/#article","isPartOf":{"@id":"https:\/\/fmvb.ro\/the-1st-veted-europe-conference-bucharest-10-12-september-2026\/"},"author":{"name":"ionut.fmvb","@id":"https:\/\/fmvb.ro\/#\/schema\/person\/fbb399addd41a769b1d395027ba2a1b9"},"headline":"The 1st VetEd Europe Conference \u2013 Bucharest, 10-12 September 2026","datePublished":"2025-11-24T10:25:50+00:00","dateModified":"2025-11-24T10:36:04+00:00","mainEntityOfPage":{"@id":"https:\/\/fmvb.ro\/the-1st-veted-europe-conference-bucharest-10-12-september-2026\/"},"wordCount":189,"publisher":{"@id":"https:\/\/fmvb.ro\/#organization"},"image":{"@id":"https:\/\/fmvb.ro\/the-1st-veted-europe-conference-bucharest-10-12-september-2026\/#primaryimage"},"thumbnailUrl":"https:\/\/fmvb.ro\/wp-content\/uploads\/2025\/11\/WhatsApp-Image-2025-11-24-at-12.17.09.jpeg","articleSection":["Noutati"],"inLanguage":"fr-FR"},{"@type":"WebPage","@id":"https:\/\/fmvb.ro\/the-1st-veted-europe-conference-bucharest-10-12-september-2026\/","url":"https:\/\/fmvb.ro\/the-1st-veted-europe-conference-bucharest-10-12-september-2026\/","name":"The 1st VetEd Europe Conference \u2013 Bucharest, 10-12 September 2026 - Facultatea de Medicin\u0103 Veterinar\u0103 | USAMV Bucure\u015fti","isPartOf":{"@id":"https:\/\/fmvb.ro\/#website"},"primaryImageOfPage":{"@id":"https:\/\/fmvb.ro\/the-1st-veted-europe-conference-bucharest-10-12-september-2026\/#primaryimage"},"image":{"@id":"https:\/\/fmvb.ro\/the-1st-veted-europe-conference-bucharest-10-12-september-2026\/#primaryimage"},"thumbnailUrl":"https:\/\/fmvb.ro\/wp-content\/uploads\/2025\/11\/WhatsApp-Image-2025-11-24-at-12.17.09.jpeg","datePublished":"2025-11-24T10:25:50+00:00","dateModified":"2025-11-24T10:36:04+00:00","breadcrumb":{"@id":"https:\/\/fmvb.ro\/the-1st-veted-europe-conference-bucharest-10-12-september-2026\/#breadcrumb"},"inLanguage":"fr-FR","potentialAction":[{"@type":"ReadAction","target":["https:\/\/fmvb.ro\/the-1st-veted-europe-conference-bucharest-10-12-september-2026\/"]}]},{"@type":"ImageObject","inLanguage":"fr-FR","@id":"https:\/\/fmvb.ro\/the-1st-veted-europe-conference-bucharest-10-12-september-2026\/#primaryimage","url":"https:\/\/fmvb.ro\/wp-content\/uploads\/2025\/11\/WhatsApp-Image-2025-11-24-at-12.17.09.jpeg","contentUrl":"https:\/\/fmvb.ro\/wp-content\/uploads\/2025\/11\/WhatsApp-Image-2025-11-24-at-12.17.09.jpeg","width":1131,"height":1600},{"@type":"BreadcrumbList","@id":"https:\/\/fmvb.ro\/the-1st-veted-europe-conference-bucharest-10-12-september-2026\/#breadcrumb","itemListElement":[{"@type":"ListItem","position":1,"name":"Prima pagin\u0103","item":"https:\/\/fmvb.ro\/"},{"@type":"ListItem","position":2,"name":"The 1st VetEd Europe Conference \u2013 Bucharest, 10-12 September 2026"}]},{"@type":"WebSite","@id":"https:\/\/fmvb.ro\/#website","url":"https:\/\/fmvb.ro\/","name":"Facultatea de Medicin\u0103 Veterinar\u0103 | USAMV Bucure\u015fti","description":"","publisher":{"@id":"https:\/\/fmvb.ro\/#organization"},"potentialAction":[{"@type":"SearchAction","target":{"@type":"EntryPoint","urlTemplate":"https:\/\/fmvb.ro\/?s={search_term_string}"},"query-input":{"@type":"PropertyValueSpecification","valueRequired":true,"valueName":"search_term_string"}}],"inLanguage":"fr-FR"},{"@type":"Organization","@id":"https:\/\/fmvb.ro\/#organization","name":"Facultatea de Medicin\u0103 Veterinar\u0103 | USAMV Bucure\u015fti","url":"https:\/\/fmvb.ro\/","logo":{"@type":"ImageObject","inLanguage":"fr-FR","@id":"https:\/\/fmvb.ro\/#\/schema\/logo\/image\/","url":"https:\/\/fmvb.ro\/wp-content\/uploads\/2022\/09\/logo-MV-corect.svg","contentUrl":"https:\/\/fmvb.ro\/wp-content\/uploads\/2022\/09\/logo-MV-corect.svg","width":400,"height":100,"caption":"Facultatea de Medicin\u0103 Veterinar\u0103 | USAMV Bucure\u015fti"},"image":{"@id":"https:\/\/fmvb.ro\/#\/schema\/logo\/image\/"},"sameAs":["https:\/\/www.facebook.com\/profile.php?id=100083306763586","https:\/\/www.instagram.com\/usamv_buc\/","https:\/\/www.tiktok.com\/@usamvbucuresti","https:\/\/www.linkedin.com\/school\/universitatea-de-tiine-agronomice-i-medicin-veterinar-din-bucureti\/"]},{"@type":"Person","@id":"https:\/\/fmvb.ro\/#\/schema\/person\/fbb399addd41a769b1d395027ba2a1b9","name":"ionut.fmvb","image":{"@type":"ImageObject","inLanguage":"fr-FR","@id":"https:\/\/secure.gravatar.com\/avatar\/dde3e8a57677dd5201c5cac58725189f6429adbc92c470bf1e8a214694a40e17?s=96&d=mm&r=g","url":"https:\/\/secure.gravatar.com\/avatar\/dde3e8a57677dd5201c5cac58725189f6429adbc92c470bf1e8a214694a40e17?s=96&d=mm&r=g","contentUrl":"https:\/\/secure.gravatar.com\/avatar\/dde3e8a57677dd5201c5cac58725189f6429adbc92c470bf1e8a214694a40e17?s=96&d=mm&r=g","caption":"ionut.fmvb"}}]}},"_links":{"self":[{"href":"https:\/\/fmvb.ro\/fr\/wp-json\/wp\/v2\/posts\/1018152","targetHints":{"allow":["GET"]}}],"collection":[{"href":"https:\/\/fmvb.ro\/fr\/wp-json\/wp\/v2\/posts"}],"about":[{"href":"https:\/\/fmvb.ro\/fr\/wp-json\/wp\/v2\/types\/post"}],"author":[{"embeddable":true,"href":"https:\/\/fmvb.ro\/fr\/wp-json\/wp\/v2\/users\/10"}],"replies":[{"embeddable":true,"href":"https:\/\/fmvb.ro\/fr\/wp-json\/wp\/v2\/comments?post=1018152"}],"version-history":[{"count":0,"href":"https:\/\/fmvb.ro\/fr\/wp-json\/wp\/v2\/posts\/1018152\/revisions"}],"wp:featuredmedia":[{"embeddable":true,"href":"https:\/\/fmvb.ro\/fr\/wp-json\/wp\/v2\/media\/1018147"}],"wp:attachment":[{"href":"https:\/\/fmvb.ro\/fr\/wp-json\/wp\/v2\/media?parent=1018152"}],"wp:term":[{"taxonomy":"category","embeddable":true,"href":"https:\/\/fmvb.ro\/fr\/wp-json\/wp\/v2\/categories?post=1018152"},{"taxonomy":"post_tag","embeddable":true,"href":"https:\/\/fmvb.ro\/fr\/wp-json\/wp\/v2\/tags?post=1018152"}],"curies":[{"name":"wp","href":"https:\/\/api.w.org\/{rel}","templated":true}]}}