{"id":1021478,"date":"2026-03-20T16:43:48","date_gmt":"2026-03-20T14:43:48","guid":{"rendered":"https:\/\/fmvb.ro\/?p=1021478"},"modified":"2026-03-20T16:44:22","modified_gmt":"2026-03-20T14:44:22","slug":"conference-bear-2026-association-etudiante-de-la-faune-et-des-especes-exotiques","status":"publish","type":"post","link":"https:\/\/fmvb.ro\/fr\/conference-bear-2026-association-etudiante-de-la-faune-et-des-especes-exotiques\/","title":{"rendered":"Conf\u00e9rence BEAR 2026 \u2013 Association \u00e9tudiante de la faune et des esp\u00e8ces exotiques"},"content":{"rendered":"\t\t<div data-elementor-type=\"wp-post\" data-elementor-id=\"1021478\" class=\"elementor elementor-1021478\" data-elementor-post-type=\"post\">\n\t\t\t\t\t\t<section class=\"elementor-section elementor-top-section elementor-element elementor-element-feeeefe elementor-section-boxed elementor-section-height-default elementor-section-height-default\" data-id=\"feeeefe\" data-element_type=\"section\" data-e-type=\"section\">\n\t\t\t\t\t\t<div class=\"elementor-container elementor-column-gap-default\">\n\t\t\t\t\t<div class=\"elementor-column elementor-col-100 elementor-top-column elementor-element elementor-element-9e47620\" data-id=\"9e47620\" data-element_type=\"column\" data-e-type=\"column\">\n\t\t\t<div class=\"elementor-widget-wrap elementor-element-populated\">\n\t\t\t\t\t\t<div class=\"elementor-element elementor-element-0bdde9c elementor-widget elementor-widget-text-editor\" data-id=\"0bdde9c\" data-element_type=\"widget\" data-e-type=\"widget\" data-widget_type=\"text-editor.default\">\n\t\t\t\t<div class=\"elementor-widget-container\">\n\t\t\t\t\t\t\t\t\t<p>Les 21 et 22 mars, la Wildlife and Exotics Student Association organise la conf\u00e9rence BEAR.<\/p><p>L&#8217;\u00e9v\u00e9nement aura lieu dans la salle BPA, au sein de la Facult\u00e9 d&#8217;Horticulture.<\/p><p>Pendant deux jours, 425 \u00e9tudiants et 20 intervenants exploreront ensemble le monde fascinant des animaux sauvages et exotiques, \u00e0 travers 7 th\u00e9matiques passionnantes :<br \/>\u2013 Reptiles<br \/>\u2013 Les animaux du zoo<br \/>\u2013 Esp\u00e8ces aquatiques<br \/>\u2013 Esp\u00e8ces aviaires<br \/>\u2013 Petits mammif\u00e8res<br \/>\u2013 La faune<br \/>\u2013 Des outils pour l\u2019avenir<\/p><p>L&#8217;Association \u00c9tudiante de la Faune et des Exotiques est exactement ce qu&#8217;elle promet : une association faite par et pour les \u00e9tudiants, d\u00e9di\u00e9e \u00e0 la passion de la faune et des esp\u00e8ces exotiques.<\/p><p>L&#8217;activit\u00e9 se d\u00e9roule en anglais, afin que chaque \u00e9tudiant de la FMVB puisse y participer, quelle que soit sa section. Notre objectif est de vous rapprocher du terrain \u00e0 travers des conf\u00e9rences, ateliers, tables rondes et bien plus encore, soutenus par des professeurs de la Facult\u00e9 de M\u00e9decine V\u00e9t\u00e9rinaire de Bucarest et des professionnels du monde entier.<\/p><p>Apprenons, connectons-nous et construisons ensemble l\u2019avenir de la m\u00e9decine v\u00e9t\u00e9rinaire.<\/p><p>Les 21 et 22 mars, la Wildlife and Exotics Student Association organise la conf\u00e9rence BEAR.<\/p><p>L&#8217;\u00e9v\u00e9nement aura lieu dans la salle BPA, au sein de la Facult\u00e9 d&#8217;Horticulture.<\/p><p>Pendant deux jours, 425 \u00e9tudiants et 20 intervenants exploreront ensemble le monde fascinant des animaux sauvages et exotiques, \u00e0 travers 7 th\u00e9matiques passionnantes :<br \/>\u2013 Reptiles<br \/>\u2013 Les animaux du zoo<br \/>\u2013 Esp\u00e8ces aquatiques<br \/>\u2013 Esp\u00e8ces aviaires<br \/>\u2013 Petits mammif\u00e8res<br \/>\u2013 La faune<br \/>\u2013 Des outils pour l\u2019avenir<\/p><p>L&#8217;Association \u00c9tudiante de la Faune et des Exotiques est exactement ce qu&#8217;elle promet : une association faite par et pour les \u00e9tudiants, d\u00e9di\u00e9e \u00e0 la passion de la faune et des esp\u00e8ces exotiques.<\/p><p>L&#8217;activit\u00e9 se d\u00e9roule en anglais, afin que chaque \u00e9tudiant de la FMVB puisse y participer, quelle que soit sa section. Notre objectif est de vous rapprocher du terrain \u00e0 travers des conf\u00e9rences, ateliers, tables rondes et bien plus encore, soutenus par des professeurs de la Facult\u00e9 de M\u00e9decine V\u00e9t\u00e9rinaire de Bucarest et des professionnels du monde entier.<\/p><p>Apprenons, connectons-nous et construisons ensemble l\u2019avenir de la m\u00e9decine v\u00e9t\u00e9rinaire.<\/p>\t\t\t\t\t\t\t\t<\/div>\n\t\t\t\t<\/div>\n\t\t\t\t\t<\/div>\n\t\t<\/div>\n\t\t\t\t\t<\/div>\n\t\t<\/section>\n\t\t\t\t<\/div>\n\t\t","protected":false},"excerpt":{"rendered":"<p>Les 21 et 22 mars, la Wildlife and Exotics Student Association organise la conf\u00e9rence BEAR. L&#8217;\u00e9v\u00e9nement aura lieu dans la salle BPA, au sein de la Facult\u00e9 d&#8217;Horticulture. Pendant deux jours, 425 \u00e9tudiants et 20 intervenants exploreront ensemble le monde fascinant des animaux sauvages et exotiques, \u00e0 travers 7 th\u00e9matiques passionnantes :\u2013 Reptiles\u2013 Les animaux&#8230;<\/p>\n","protected":false},"author":9,"featured_media":1021468,"comment_status":"closed","ping_status":"closed","sticky":false,"template":"","format":"standard","meta":{"inline_featured_image":false,"footnotes":""},"categories":[64],"tags":[],"class_list":["post-1021478","post","type-post","status-publish","format-standard","has-post-thumbnail","hentry","category-noutati-fr"],"yoast_head":"<!-- This site is optimized with the Yoast SEO plugin v27.4 - https:\/\/yoast.com\/product\/yoast-seo-wordpress\/ -->\n<title>Conf\u00e9rence BEAR 2026 \u2013 Association \u00e9tudiante de la faune et des esp\u00e8ces exotiques - Facultatea de Medicin\u0103 Veterinar\u0103 | USAMV Bucure\u015fti<\/title>\n<meta name=\"robots\" content=\"index, follow, max-snippet:-1, max-image-preview:large, max-video-preview:-1\" \/>\n<link rel=\"canonical\" href=\"https:\/\/fmvb.ro\/fr\/conference-bear-2026-association-etudiante-de-la-faune-et-des-especes-exotiques\/\" \/>\n<meta property=\"og:locale\" content=\"fr_FR\" \/>\n<meta property=\"og:type\" content=\"article\" \/>\n<meta property=\"og:title\" content=\"Conf\u00e9rence BEAR 2026 \u2013 Association \u00e9tudiante de la faune et des esp\u00e8ces exotiques - Facultatea de Medicin\u0103 Veterinar\u0103 | USAMV Bucure\u015fti\" \/>\n<meta property=\"og:description\" content=\"Les 21 et 22 mars, la Wildlife and Exotics Student Association organise la conf\u00e9rence BEAR. L&#8217;\u00e9v\u00e9nement aura lieu dans la salle BPA, au sein de la Facult\u00e9 d&#8217;Horticulture. Pendant deux jours, 425 \u00e9tudiants et 20 intervenants exploreront ensemble le monde fascinant des animaux sauvages et exotiques, \u00e0 travers 7 th\u00e9matiques passionnantes :\u2013 Reptiles\u2013 Les animaux...\" \/>\n<meta property=\"og:url\" content=\"https:\/\/fmvb.ro\/fr\/conference-bear-2026-association-etudiante-de-la-faune-et-des-especes-exotiques\/\" \/>\n<meta property=\"og:site_name\" content=\"Facultatea de Medicin\u0103 Veterinar\u0103 | USAMV Bucure\u015fti\" \/>\n<meta property=\"article:publisher\" content=\"https:\/\/www.facebook.com\/profile.php?id=100083306763586\" \/>\n<meta property=\"article:published_time\" content=\"2026-03-20T14:43:48+00:00\" \/>\n<meta property=\"article:modified_time\" content=\"2026-03-20T14:44:22+00:00\" \/>\n<meta property=\"og:image\" content=\"https:\/\/fmvb.ro\/wp-content\/uploads\/2026\/03\/Captura-de-ecran-2026-03-20-163321.png\" \/>\n\t<meta property=\"og:image:width\" content=\"635\" \/>\n\t<meta property=\"og:image:height\" content=\"902\" \/>\n\t<meta property=\"og:image:type\" content=\"image\/png\" \/>\n<meta name=\"author\" content=\"com.usamv\" \/>\n<meta name=\"twitter:card\" content=\"summary_large_image\" \/>\n<meta name=\"twitter:label1\" content=\"\u00c9crit par\" \/>\n\t<meta name=\"twitter:data1\" content=\"com.usamv\" \/>\n\t<meta name=\"twitter:label2\" content=\"Dur\u00e9e de lecture estim\u00e9e\" \/>\n\t<meta name=\"twitter:data2\" content=\"2 minutes\" \/>\n<script type=\"application\/ld+json\" class=\"yoast-schema-graph\">{\"@context\":\"https:\\\/\\\/schema.org\",\"@graph\":[{\"@type\":\"Article\",\"@id\":\"https:\\\/\\\/fmvb.ro\\\/fr\\\/conference-bear-2026-association-etudiante-de-la-faune-et-des-especes-exotiques\\\/#article\",\"isPartOf\":{\"@id\":\"https:\\\/\\\/fmvb.ro\\\/fr\\\/conference-bear-2026-association-etudiante-de-la-faune-et-des-especes-exotiques\\\/\"},\"author\":{\"name\":\"com.usamv\",\"@id\":\"https:\\\/\\\/fmvb.ro\\\/#\\\/schema\\\/person\\\/d2d06f7116e577e4979853460318c1db\"},\"headline\":\"Conf\u00e9rence BEAR 2026 \u2013 Association \u00e9tudiante de la faune et des esp\u00e8ces exotiques\",\"datePublished\":\"2026-03-20T14:43:48+00:00\",\"dateModified\":\"2026-03-20T14:44:22+00:00\",\"mainEntityOfPage\":{\"@id\":\"https:\\\/\\\/fmvb.ro\\\/fr\\\/conference-bear-2026-association-etudiante-de-la-faune-et-des-especes-exotiques\\\/\"},\"wordCount\":379,\"publisher\":{\"@id\":\"https:\\\/\\\/fmvb.ro\\\/#organization\"},\"image\":{\"@id\":\"https:\\\/\\\/fmvb.ro\\\/fr\\\/conference-bear-2026-association-etudiante-de-la-faune-et-des-especes-exotiques\\\/#primaryimage\"},\"thumbnailUrl\":\"https:\\\/\\\/fmvb.ro\\\/wp-content\\\/uploads\\\/2026\\\/03\\\/Captura-de-ecran-2026-03-20-163321.png\",\"articleSection\":[\"Noutati\"],\"inLanguage\":\"fr-FR\"},{\"@type\":\"WebPage\",\"@id\":\"https:\\\/\\\/fmvb.ro\\\/fr\\\/conference-bear-2026-association-etudiante-de-la-faune-et-des-especes-exotiques\\\/\",\"url\":\"https:\\\/\\\/fmvb.ro\\\/fr\\\/conference-bear-2026-association-etudiante-de-la-faune-et-des-especes-exotiques\\\/\",\"name\":\"Conf\u00e9rence BEAR 2026 \u2013 Association \u00e9tudiante de la faune et des esp\u00e8ces exotiques - Facultatea de Medicin\u0103 Veterinar\u0103 | USAMV Bucure\u015fti\",\"isPartOf\":{\"@id\":\"https:\\\/\\\/fmvb.ro\\\/#website\"},\"primaryImageOfPage\":{\"@id\":\"https:\\\/\\\/fmvb.ro\\\/fr\\\/conference-bear-2026-association-etudiante-de-la-faune-et-des-especes-exotiques\\\/#primaryimage\"},\"image\":{\"@id\":\"https:\\\/\\\/fmvb.ro\\\/fr\\\/conference-bear-2026-association-etudiante-de-la-faune-et-des-especes-exotiques\\\/#primaryimage\"},\"thumbnailUrl\":\"https:\\\/\\\/fmvb.ro\\\/wp-content\\\/uploads\\\/2026\\\/03\\\/Captura-de-ecran-2026-03-20-163321.png\",\"datePublished\":\"2026-03-20T14:43:48+00:00\",\"dateModified\":\"2026-03-20T14:44:22+00:00\",\"breadcrumb\":{\"@id\":\"https:\\\/\\\/fmvb.ro\\\/fr\\\/conference-bear-2026-association-etudiante-de-la-faune-et-des-especes-exotiques\\\/#breadcrumb\"},\"inLanguage\":\"fr-FR\",\"potentialAction\":[{\"@type\":\"ReadAction\",\"target\":[\"https:\\\/\\\/fmvb.ro\\\/fr\\\/conference-bear-2026-association-etudiante-de-la-faune-et-des-especes-exotiques\\\/\"]}]},{\"@type\":\"ImageObject\",\"inLanguage\":\"fr-FR\",\"@id\":\"https:\\\/\\\/fmvb.ro\\\/fr\\\/conference-bear-2026-association-etudiante-de-la-faune-et-des-especes-exotiques\\\/#primaryimage\",\"url\":\"https:\\\/\\\/fmvb.ro\\\/wp-content\\\/uploads\\\/2026\\\/03\\\/Captura-de-ecran-2026-03-20-163321.png\",\"contentUrl\":\"https:\\\/\\\/fmvb.ro\\\/wp-content\\\/uploads\\\/2026\\\/03\\\/Captura-de-ecran-2026-03-20-163321.png\",\"width\":635,\"height\":902},{\"@type\":\"BreadcrumbList\",\"@id\":\"https:\\\/\\\/fmvb.ro\\\/fr\\\/conference-bear-2026-association-etudiante-de-la-faune-et-des-especes-exotiques\\\/#breadcrumb\",\"itemListElement\":[{\"@type\":\"ListItem\",\"position\":1,\"name\":\"Prima pagin\u0103\",\"item\":\"https:\\\/\\\/fmvb.ro\\\/\"},{\"@type\":\"ListItem\",\"position\":2,\"name\":\"Conf\u00e9rence BEAR 2026 \u2013 Association \u00e9tudiante de la faune et des esp\u00e8ces exotiques\"}]},{\"@type\":\"WebSite\",\"@id\":\"https:\\\/\\\/fmvb.ro\\\/#website\",\"url\":\"https:\\\/\\\/fmvb.ro\\\/\",\"name\":\"Facultatea de Medicin\u0103 Veterinar\u0103 | USAMV Bucure\u015fti\",\"description\":\"\",\"publisher\":{\"@id\":\"https:\\\/\\\/fmvb.ro\\\/#organization\"},\"potentialAction\":[{\"@type\":\"SearchAction\",\"target\":{\"@type\":\"EntryPoint\",\"urlTemplate\":\"https:\\\/\\\/fmvb.ro\\\/?s={search_term_string}\"},\"query-input\":{\"@type\":\"PropertyValueSpecification\",\"valueRequired\":true,\"valueName\":\"search_term_string\"}}],\"inLanguage\":\"fr-FR\"},{\"@type\":\"Organization\",\"@id\":\"https:\\\/\\\/fmvb.ro\\\/#organization\",\"name\":\"Facultatea de Medicin\u0103 Veterinar\u0103 | USAMV Bucure\u015fti\",\"url\":\"https:\\\/\\\/fmvb.ro\\\/\",\"logo\":{\"@type\":\"ImageObject\",\"inLanguage\":\"fr-FR\",\"@id\":\"https:\\\/\\\/fmvb.ro\\\/#\\\/schema\\\/logo\\\/image\\\/\",\"url\":\"https:\\\/\\\/fmvb.ro\\\/wp-content\\\/uploads\\\/2022\\\/09\\\/logo-MV-corect.svg\",\"contentUrl\":\"https:\\\/\\\/fmvb.ro\\\/wp-content\\\/uploads\\\/2022\\\/09\\\/logo-MV-corect.svg\",\"width\":400,\"height\":100,\"caption\":\"Facultatea de Medicin\u0103 Veterinar\u0103 | USAMV Bucure\u015fti\"},\"image\":{\"@id\":\"https:\\\/\\\/fmvb.ro\\\/#\\\/schema\\\/logo\\\/image\\\/\"},\"sameAs\":[\"https:\\\/\\\/www.facebook.com\\\/profile.php?id=100083306763586\",\"https:\\\/\\\/www.instagram.com\\\/usamv_buc\\\/\",\"https:\\\/\\\/www.tiktok.com\\\/@usamvbucuresti\",\"https:\\\/\\\/www.linkedin.com\\\/school\\\/universitatea-de-tiine-agronomice-i-medicin-veterinar-din-bucureti\\\/\"]},{\"@type\":\"Person\",\"@id\":\"https:\\\/\\\/fmvb.ro\\\/#\\\/schema\\\/person\\\/d2d06f7116e577e4979853460318c1db\",\"name\":\"com.usamv\",\"image\":{\"@type\":\"ImageObject\",\"inLanguage\":\"fr-FR\",\"@id\":\"https:\\\/\\\/secure.gravatar.com\\\/avatar\\\/ac603a0ffc2526682f0f73bcfa26cc644bfb68ff805799d4b886791a8f301e00?s=96&d=mm&r=g\",\"url\":\"https:\\\/\\\/secure.gravatar.com\\\/avatar\\\/ac603a0ffc2526682f0f73bcfa26cc644bfb68ff805799d4b886791a8f301e00?s=96&d=mm&r=g\",\"contentUrl\":\"https:\\\/\\\/secure.gravatar.com\\\/avatar\\\/ac603a0ffc2526682f0f73bcfa26cc644bfb68ff805799d4b886791a8f301e00?s=96&d=mm&r=g\",\"caption\":\"com.usamv\"}}]}<\/script>\n<!-- \/ Yoast SEO plugin. -->","yoast_head_json":{"title":"Conf\u00e9rence BEAR 2026 \u2013 Association \u00e9tudiante de la faune et des esp\u00e8ces exotiques - Facultatea de Medicin\u0103 Veterinar\u0103 | USAMV Bucure\u015fti","robots":{"index":"index","follow":"follow","max-snippet":"max-snippet:-1","max-image-preview":"max-image-preview:large","max-video-preview":"max-video-preview:-1"},"canonical":"https:\/\/fmvb.ro\/fr\/conference-bear-2026-association-etudiante-de-la-faune-et-des-especes-exotiques\/","og_locale":"fr_FR","og_type":"article","og_title":"Conf\u00e9rence BEAR 2026 \u2013 Association \u00e9tudiante de la faune et des esp\u00e8ces exotiques - Facultatea de Medicin\u0103 Veterinar\u0103 | USAMV Bucure\u015fti","og_description":"Les 21 et 22 mars, la Wildlife and Exotics Student Association organise la conf\u00e9rence BEAR. L&#8217;\u00e9v\u00e9nement aura lieu dans la salle BPA, au sein de la Facult\u00e9 d&#8217;Horticulture. Pendant deux jours, 425 \u00e9tudiants et 20 intervenants exploreront ensemble le monde fascinant des animaux sauvages et exotiques, \u00e0 travers 7 th\u00e9matiques passionnantes :\u2013 Reptiles\u2013 Les animaux...","og_url":"https:\/\/fmvb.ro\/fr\/conference-bear-2026-association-etudiante-de-la-faune-et-des-especes-exotiques\/","og_site_name":"Facultatea de Medicin\u0103 Veterinar\u0103 | USAMV Bucure\u015fti","article_publisher":"https:\/\/www.facebook.com\/profile.php?id=100083306763586","article_published_time":"2026-03-20T14:43:48+00:00","article_modified_time":"2026-03-20T14:44:22+00:00","og_image":[{"width":635,"height":902,"url":"https:\/\/fmvb.ro\/wp-content\/uploads\/2026\/03\/Captura-de-ecran-2026-03-20-163321.png","type":"image\/png"}],"author":"com.usamv","twitter_card":"summary_large_image","twitter_misc":{"\u00c9crit par":"com.usamv","Dur\u00e9e de lecture estim\u00e9e":"2 minutes"},"schema":{"@context":"https:\/\/schema.org","@graph":[{"@type":"Article","@id":"https:\/\/fmvb.ro\/fr\/conference-bear-2026-association-etudiante-de-la-faune-et-des-especes-exotiques\/#article","isPartOf":{"@id":"https:\/\/fmvb.ro\/fr\/conference-bear-2026-association-etudiante-de-la-faune-et-des-especes-exotiques\/"},"author":{"name":"com.usamv","@id":"https:\/\/fmvb.ro\/#\/schema\/person\/d2d06f7116e577e4979853460318c1db"},"headline":"Conf\u00e9rence BEAR 2026 \u2013 Association \u00e9tudiante de la faune et des esp\u00e8ces exotiques","datePublished":"2026-03-20T14:43:48+00:00","dateModified":"2026-03-20T14:44:22+00:00","mainEntityOfPage":{"@id":"https:\/\/fmvb.ro\/fr\/conference-bear-2026-association-etudiante-de-la-faune-et-des-especes-exotiques\/"},"wordCount":379,"publisher":{"@id":"https:\/\/fmvb.ro\/#organization"},"image":{"@id":"https:\/\/fmvb.ro\/fr\/conference-bear-2026-association-etudiante-de-la-faune-et-des-especes-exotiques\/#primaryimage"},"thumbnailUrl":"https:\/\/fmvb.ro\/wp-content\/uploads\/2026\/03\/Captura-de-ecran-2026-03-20-163321.png","articleSection":["Noutati"],"inLanguage":"fr-FR"},{"@type":"WebPage","@id":"https:\/\/fmvb.ro\/fr\/conference-bear-2026-association-etudiante-de-la-faune-et-des-especes-exotiques\/","url":"https:\/\/fmvb.ro\/fr\/conference-bear-2026-association-etudiante-de-la-faune-et-des-especes-exotiques\/","name":"Conf\u00e9rence BEAR 2026 \u2013 Association \u00e9tudiante de la faune et des esp\u00e8ces exotiques - Facultatea de Medicin\u0103 Veterinar\u0103 | USAMV Bucure\u015fti","isPartOf":{"@id":"https:\/\/fmvb.ro\/#website"},"primaryImageOfPage":{"@id":"https:\/\/fmvb.ro\/fr\/conference-bear-2026-association-etudiante-de-la-faune-et-des-especes-exotiques\/#primaryimage"},"image":{"@id":"https:\/\/fmvb.ro\/fr\/conference-bear-2026-association-etudiante-de-la-faune-et-des-especes-exotiques\/#primaryimage"},"thumbnailUrl":"https:\/\/fmvb.ro\/wp-content\/uploads\/2026\/03\/Captura-de-ecran-2026-03-20-163321.png","datePublished":"2026-03-20T14:43:48+00:00","dateModified":"2026-03-20T14:44:22+00:00","breadcrumb":{"@id":"https:\/\/fmvb.ro\/fr\/conference-bear-2026-association-etudiante-de-la-faune-et-des-especes-exotiques\/#breadcrumb"},"inLanguage":"fr-FR","potentialAction":[{"@type":"ReadAction","target":["https:\/\/fmvb.ro\/fr\/conference-bear-2026-association-etudiante-de-la-faune-et-des-especes-exotiques\/"]}]},{"@type":"ImageObject","inLanguage":"fr-FR","@id":"https:\/\/fmvb.ro\/fr\/conference-bear-2026-association-etudiante-de-la-faune-et-des-especes-exotiques\/#primaryimage","url":"https:\/\/fmvb.ro\/wp-content\/uploads\/2026\/03\/Captura-de-ecran-2026-03-20-163321.png","contentUrl":"https:\/\/fmvb.ro\/wp-content\/uploads\/2026\/03\/Captura-de-ecran-2026-03-20-163321.png","width":635,"height":902},{"@type":"BreadcrumbList","@id":"https:\/\/fmvb.ro\/fr\/conference-bear-2026-association-etudiante-de-la-faune-et-des-especes-exotiques\/#breadcrumb","itemListElement":[{"@type":"ListItem","position":1,"name":"Prima pagin\u0103","item":"https:\/\/fmvb.ro\/"},{"@type":"ListItem","position":2,"name":"Conf\u00e9rence BEAR 2026 \u2013 Association \u00e9tudiante de la faune et des esp\u00e8ces exotiques"}]},{"@type":"WebSite","@id":"https:\/\/fmvb.ro\/#website","url":"https:\/\/fmvb.ro\/","name":"Facultatea de Medicin\u0103 Veterinar\u0103 | USAMV Bucure\u015fti","description":"","publisher":{"@id":"https:\/\/fmvb.ro\/#organization"},"potentialAction":[{"@type":"SearchAction","target":{"@type":"EntryPoint","urlTemplate":"https:\/\/fmvb.ro\/?s={search_term_string}"},"query-input":{"@type":"PropertyValueSpecification","valueRequired":true,"valueName":"search_term_string"}}],"inLanguage":"fr-FR"},{"@type":"Organization","@id":"https:\/\/fmvb.ro\/#organization","name":"Facultatea de Medicin\u0103 Veterinar\u0103 | USAMV Bucure\u015fti","url":"https:\/\/fmvb.ro\/","logo":{"@type":"ImageObject","inLanguage":"fr-FR","@id":"https:\/\/fmvb.ro\/#\/schema\/logo\/image\/","url":"https:\/\/fmvb.ro\/wp-content\/uploads\/2022\/09\/logo-MV-corect.svg","contentUrl":"https:\/\/fmvb.ro\/wp-content\/uploads\/2022\/09\/logo-MV-corect.svg","width":400,"height":100,"caption":"Facultatea de Medicin\u0103 Veterinar\u0103 | USAMV Bucure\u015fti"},"image":{"@id":"https:\/\/fmvb.ro\/#\/schema\/logo\/image\/"},"sameAs":["https:\/\/www.facebook.com\/profile.php?id=100083306763586","https:\/\/www.instagram.com\/usamv_buc\/","https:\/\/www.tiktok.com\/@usamvbucuresti","https:\/\/www.linkedin.com\/school\/universitatea-de-tiine-agronomice-i-medicin-veterinar-din-bucureti\/"]},{"@type":"Person","@id":"https:\/\/fmvb.ro\/#\/schema\/person\/d2d06f7116e577e4979853460318c1db","name":"com.usamv","image":{"@type":"ImageObject","inLanguage":"fr-FR","@id":"https:\/\/secure.gravatar.com\/avatar\/ac603a0ffc2526682f0f73bcfa26cc644bfb68ff805799d4b886791a8f301e00?s=96&d=mm&r=g","url":"https:\/\/secure.gravatar.com\/avatar\/ac603a0ffc2526682f0f73bcfa26cc644bfb68ff805799d4b886791a8f301e00?s=96&d=mm&r=g","contentUrl":"https:\/\/secure.gravatar.com\/avatar\/ac603a0ffc2526682f0f73bcfa26cc644bfb68ff805799d4b886791a8f301e00?s=96&d=mm&r=g","caption":"com.usamv"}}]}},"_links":{"self":[{"href":"https:\/\/fmvb.ro\/fr\/wp-json\/wp\/v2\/posts\/1021478","targetHints":{"allow":["GET"]}}],"collection":[{"href":"https:\/\/fmvb.ro\/fr\/wp-json\/wp\/v2\/posts"}],"about":[{"href":"https:\/\/fmvb.ro\/fr\/wp-json\/wp\/v2\/types\/post"}],"author":[{"embeddable":true,"href":"https:\/\/fmvb.ro\/fr\/wp-json\/wp\/v2\/users\/9"}],"replies":[{"embeddable":true,"href":"https:\/\/fmvb.ro\/fr\/wp-json\/wp\/v2\/comments?post=1021478"}],"version-history":[{"count":0,"href":"https:\/\/fmvb.ro\/fr\/wp-json\/wp\/v2\/posts\/1021478\/revisions"}],"wp:featuredmedia":[{"embeddable":true,"href":"https:\/\/fmvb.ro\/fr\/wp-json\/wp\/v2\/media\/1021468"}],"wp:attachment":[{"href":"https:\/\/fmvb.ro\/fr\/wp-json\/wp\/v2\/media?parent=1021478"}],"wp:term":[{"taxonomy":"category","embeddable":true,"href":"https:\/\/fmvb.ro\/fr\/wp-json\/wp\/v2\/categories?post=1021478"},{"taxonomy":"post_tag","embeddable":true,"href":"https:\/\/fmvb.ro\/fr\/wp-json\/wp\/v2\/tags?post=1021478"}],"curies":[{"name":"wp","href":"https:\/\/api.w.org\/{rel}","templated":true}]}}