{"id":1021798,"date":"2026-04-07T14:56:45","date_gmt":"2026-04-07T11:56:45","guid":{"rendered":"https:\/\/fmvb.ro\/veted-2026\/"},"modified":"2026-04-07T15:24:46","modified_gmt":"2026-04-07T12:24:46","slug":"veted-2026","status":"publish","type":"post","link":"https:\/\/fmvb.ro\/fr\/veted-2026\/","title":{"rendered":"VetEd Europe 2026"},"content":{"rendered":"\t\t<div data-elementor-type=\"wp-post\" data-elementor-id=\"1021798\" class=\"elementor elementor-1021798 elementor-1021795\" data-elementor-post-type=\"post\">\n\t\t\t\t\t\t<section class=\"elementor-section elementor-top-section elementor-element elementor-element-72a9e38d elementor-section-boxed elementor-section-height-default elementor-section-height-default\" data-id=\"72a9e38d\" data-element_type=\"section\" data-e-type=\"section\">\n\t\t\t\t\t\t<div class=\"elementor-container elementor-column-gap-default\">\n\t\t\t\t\t<div class=\"elementor-column elementor-col-100 elementor-top-column elementor-element elementor-element-18fc97e8\" data-id=\"18fc97e8\" data-element_type=\"column\" data-e-type=\"column\">\n\t\t\t<div class=\"elementor-widget-wrap elementor-element-populated\">\n\t\t\t\t\t\t<div class=\"elementor-element elementor-element-11ad9472 elementor-widget elementor-widget-text-editor\" data-id=\"11ad9472\" data-element_type=\"widget\" data-e-type=\"widget\" data-widget_type=\"text-editor.default\">\n\t\t\t\t<div class=\"elementor-widget-container\">\n\t\t\t\t\t\t\t\t\t<p>Today, 7 April 2026, is the final day for abstract submission to VetEd Europe 2026.<\/p><p>Even if you are not submitting an abstract, the most important message is this: registration is open (<a href=\"https:\/\/vetedeurope2026.usamv.ro\/#register\">https:\/\/vetedeurope2026.usamv.ro\/#register<\/a>), and we warmly invite you to join us in Bucharest, Romania, from 10\u201312 September 2026 for the first edition of VetEd Europe.<\/p><p>Hosted by the Faculty of Veterinary Medicine, USAMV Bucharest, VetEd Europe 2026 will bring together veterinary educators from across Europe and beyond to share innovation, good practice, and new ideas in teaching, learning, assessment, and curriculum design.<\/p><p>We are honoured to welcome Professor Barbara Dooley, speaking on student mental health, and Matthew Wemyss, addressing the responsible use of AI in education, as keynote speakers.Plenary Sessions: <a href=\"https:\/\/vetedeurope2026.usamv.ro\/plenary_sessions\/\">https:\/\/vetedeurope2026.usamv.ro\/plenary_sessions\/<\/a> We are also pleased to share, together with this post, a short video message from Professor Barbara Dooley in relation to her keynote on student mental health.<\/p><p>With the valued support of risr\/, our Platinum Sponsor, and VIN, our Bronze Sponsor, VetEd Europe 2026 is helping build a strong European community in veterinary education.<br \/>Sponsors: <a href=\"https:\/\/vetedeurope2026.usamv.ro\/sponsors\/\">https:\/\/vetedeurope2026.usamv.ro\/sponsors\/<\/a><\/p><p>Further details are available here:<br \/><a href=\"https:\/\/vetedeurope2026.usamv.ro\/\">https:\/\/vetedeurope2026.usamv.ro\/<\/a><\/p><p>Please feel free to share this reminder within your institution and professional networks.<br \/>We look forward to welcoming you to Bucharest<\/p>\t\t\t\t\t\t\t\t<\/div>\n\t\t\t\t<\/div>\n\t\t\t\t\t<\/div>\n\t\t<\/div>\n\t\t\t\t\t<\/div>\n\t\t<\/section>\n\t\t\t\t<section class=\"elementor-section elementor-top-section elementor-element elementor-element-2f93044 elementor-section-boxed elementor-section-height-default elementor-section-height-default\" data-id=\"2f93044\" data-element_type=\"section\" data-e-type=\"section\">\n\t\t\t\t\t\t<div class=\"elementor-container elementor-column-gap-default\">\n\t\t\t\t\t<div class=\"elementor-column elementor-col-100 elementor-top-column elementor-element elementor-element-d43cac9\" data-id=\"d43cac9\" data-element_type=\"column\" data-e-type=\"column\">\n\t\t\t<div class=\"elementor-widget-wrap elementor-element-populated\">\n\t\t\t\t\t\t<div class=\"elementor-element elementor-element-89875c3 elementor-widget elementor-widget-video\" data-id=\"89875c3\" data-element_type=\"widget\" data-e-type=\"widget\" data-settings=\"{&quot;video_type&quot;:&quot;hosted&quot;,&quot;controls&quot;:&quot;yes&quot;}\" data-widget_type=\"video.default\">\n\t\t\t\t<div class=\"elementor-widget-container\">\n\t\t\t\t\t\t\t<div class=\"e-hosted-video elementor-wrapper elementor-open-inline\">\n\t\t\t\t\t<video class=\"elementor-video\" src=\"https:\/\/fmvb.ro\/wp-content\/uploads\/2026\/04\/VETEDU.mp4\" controls=\"\" preload=\"metadata\" controlsList=\"nodownload\"><\/video>\n\t\t\t\t<\/div>\n\t\t\t\t\t\t<\/div>\n\t\t\t\t<\/div>\n\t\t\t\t\t<\/div>\n\t\t<\/div>\n\t\t\t\t\t<\/div>\n\t\t<\/section>\n\t\t\t\t<\/div>\n\t\t","protected":false},"excerpt":{"rendered":"<p>Today, 7 April 2026, is the final day for abstract submission to VetEd Europe 2026. Even if you are not submitting an abstract, the most important message is this: registration is open (https:\/\/vetedeurope2026.usamv.ro\/#register), and we warmly invite you to join us in Bucharest, Romania, from 10\u201312 September 2026 for the first edition of VetEd Europe&#8230;.<\/p>\n","protected":false},"author":10,"featured_media":1021824,"comment_status":"closed","ping_status":"closed","sticky":false,"template":"","format":"standard","meta":{"inline_featured_image":false,"footnotes":""},"categories":[64],"tags":[],"class_list":["post-1021798","post","type-post","status-publish","format-standard","has-post-thumbnail","hentry","category-noutati-fr"],"yoast_head":"<!-- This site is optimized with the Yoast SEO plugin v27.4 - https:\/\/yoast.com\/product\/yoast-seo-wordpress\/ -->\n<title>VetEd Europe 2026 - Facultatea de Medicin\u0103 Veterinar\u0103 | USAMV Bucure\u015fti<\/title>\n<meta name=\"robots\" content=\"index, follow, max-snippet:-1, max-image-preview:large, max-video-preview:-1\" \/>\n<link rel=\"canonical\" href=\"https:\/\/fmvb.ro\/fr\/veted-2026\/\" \/>\n<meta property=\"og:locale\" content=\"fr_FR\" \/>\n<meta property=\"og:type\" content=\"article\" \/>\n<meta property=\"og:title\" content=\"VetEd Europe 2026 - Facultatea de Medicin\u0103 Veterinar\u0103 | USAMV Bucure\u015fti\" \/>\n<meta property=\"og:description\" content=\"Today, 7 April 2026, is the final day for abstract submission to VetEd Europe 2026. Even if you are not submitting an abstract, the most important message is this: registration is open (https:\/\/vetedeurope2026.usamv.ro\/#register), and we warmly invite you to join us in Bucharest, Romania, from 10\u201312 September 2026 for the first edition of VetEd Europe....\" \/>\n<meta property=\"og:url\" content=\"https:\/\/fmvb.ro\/fr\/veted-2026\/\" \/>\n<meta property=\"og:site_name\" content=\"Facultatea de Medicin\u0103 Veterinar\u0103 | USAMV Bucure\u015fti\" \/>\n<meta property=\"article:publisher\" content=\"https:\/\/www.facebook.com\/profile.php?id=100083306763586\" \/>\n<meta property=\"article:published_time\" content=\"2026-04-07T11:56:45+00:00\" \/>\n<meta property=\"article:modified_time\" content=\"2026-04-07T12:24:46+00:00\" \/>\n<meta property=\"og:image\" content=\"https:\/\/fmvb.ro\/wp-content\/uploads\/2026\/04\/WhatsApp-Image-2026-04-07-at-15.05.12.jpeg\" \/>\n\t<meta property=\"og:image:width\" content=\"1080\" \/>\n\t<meta property=\"og:image:height\" content=\"1080\" \/>\n\t<meta property=\"og:image:type\" content=\"image\/jpeg\" \/>\n<meta name=\"author\" content=\"ionut.fmvb\" \/>\n<meta name=\"twitter:card\" content=\"summary_large_image\" \/>\n<meta name=\"twitter:label1\" content=\"\u00c9crit par\" \/>\n\t<meta name=\"twitter:data1\" content=\"ionut.fmvb\" \/>\n\t<meta name=\"twitter:label2\" content=\"Dur\u00e9e de lecture estim\u00e9e\" \/>\n\t<meta name=\"twitter:data2\" content=\"2 minutes\" \/>\n<script type=\"application\/ld+json\" class=\"yoast-schema-graph\">{\"@context\":\"https:\\\/\\\/schema.org\",\"@graph\":[{\"@type\":\"Article\",\"@id\":\"https:\\\/\\\/fmvb.ro\\\/fr\\\/veted-2026\\\/#article\",\"isPartOf\":{\"@id\":\"https:\\\/\\\/fmvb.ro\\\/fr\\\/veted-2026\\\/\"},\"author\":{\"name\":\"ionut.fmvb\",\"@id\":\"https:\\\/\\\/fmvb.ro\\\/#\\\/schema\\\/person\\\/fbb399addd41a769b1d395027ba2a1b9\"},\"headline\":\"VetEd Europe 2026\",\"datePublished\":\"2026-04-07T11:56:45+00:00\",\"dateModified\":\"2026-04-07T12:24:46+00:00\",\"mainEntityOfPage\":{\"@id\":\"https:\\\/\\\/fmvb.ro\\\/fr\\\/veted-2026\\\/\"},\"wordCount\":222,\"publisher\":{\"@id\":\"https:\\\/\\\/fmvb.ro\\\/#organization\"},\"image\":{\"@id\":\"https:\\\/\\\/fmvb.ro\\\/fr\\\/veted-2026\\\/#primaryimage\"},\"thumbnailUrl\":\"https:\\\/\\\/fmvb.ro\\\/wp-content\\\/uploads\\\/2026\\\/04\\\/WhatsApp-Image-2026-04-07-at-15.05.12.jpeg\",\"articleSection\":[\"Noutati\"],\"inLanguage\":\"fr-FR\"},{\"@type\":\"WebPage\",\"@id\":\"https:\\\/\\\/fmvb.ro\\\/fr\\\/veted-2026\\\/\",\"url\":\"https:\\\/\\\/fmvb.ro\\\/fr\\\/veted-2026\\\/\",\"name\":\"VetEd Europe 2026 - Facultatea de Medicin\u0103 Veterinar\u0103 | USAMV Bucure\u015fti\",\"isPartOf\":{\"@id\":\"https:\\\/\\\/fmvb.ro\\\/#website\"},\"primaryImageOfPage\":{\"@id\":\"https:\\\/\\\/fmvb.ro\\\/fr\\\/veted-2026\\\/#primaryimage\"},\"image\":{\"@id\":\"https:\\\/\\\/fmvb.ro\\\/fr\\\/veted-2026\\\/#primaryimage\"},\"thumbnailUrl\":\"https:\\\/\\\/fmvb.ro\\\/wp-content\\\/uploads\\\/2026\\\/04\\\/WhatsApp-Image-2026-04-07-at-15.05.12.jpeg\",\"datePublished\":\"2026-04-07T11:56:45+00:00\",\"dateModified\":\"2026-04-07T12:24:46+00:00\",\"breadcrumb\":{\"@id\":\"https:\\\/\\\/fmvb.ro\\\/fr\\\/veted-2026\\\/#breadcrumb\"},\"inLanguage\":\"fr-FR\",\"potentialAction\":[{\"@type\":\"ReadAction\",\"target\":[\"https:\\\/\\\/fmvb.ro\\\/fr\\\/veted-2026\\\/\"]}]},{\"@type\":\"ImageObject\",\"inLanguage\":\"fr-FR\",\"@id\":\"https:\\\/\\\/fmvb.ro\\\/fr\\\/veted-2026\\\/#primaryimage\",\"url\":\"https:\\\/\\\/fmvb.ro\\\/wp-content\\\/uploads\\\/2026\\\/04\\\/WhatsApp-Image-2026-04-07-at-15.05.12.jpeg\",\"contentUrl\":\"https:\\\/\\\/fmvb.ro\\\/wp-content\\\/uploads\\\/2026\\\/04\\\/WhatsApp-Image-2026-04-07-at-15.05.12.jpeg\",\"width\":1080,\"height\":1080},{\"@type\":\"BreadcrumbList\",\"@id\":\"https:\\\/\\\/fmvb.ro\\\/fr\\\/veted-2026\\\/#breadcrumb\",\"itemListElement\":[{\"@type\":\"ListItem\",\"position\":1,\"name\":\"Prima pagin\u0103\",\"item\":\"https:\\\/\\\/fmvb.ro\\\/\"},{\"@type\":\"ListItem\",\"position\":2,\"name\":\"VetEd Europe 2026\"}]},{\"@type\":\"WebSite\",\"@id\":\"https:\\\/\\\/fmvb.ro\\\/#website\",\"url\":\"https:\\\/\\\/fmvb.ro\\\/\",\"name\":\"Facultatea de Medicin\u0103 Veterinar\u0103 | USAMV Bucure\u015fti\",\"description\":\"\",\"publisher\":{\"@id\":\"https:\\\/\\\/fmvb.ro\\\/#organization\"},\"potentialAction\":[{\"@type\":\"SearchAction\",\"target\":{\"@type\":\"EntryPoint\",\"urlTemplate\":\"https:\\\/\\\/fmvb.ro\\\/?s={search_term_string}\"},\"query-input\":{\"@type\":\"PropertyValueSpecification\",\"valueRequired\":true,\"valueName\":\"search_term_string\"}}],\"inLanguage\":\"fr-FR\"},{\"@type\":\"Organization\",\"@id\":\"https:\\\/\\\/fmvb.ro\\\/#organization\",\"name\":\"Facultatea de Medicin\u0103 Veterinar\u0103 | USAMV Bucure\u015fti\",\"url\":\"https:\\\/\\\/fmvb.ro\\\/\",\"logo\":{\"@type\":\"ImageObject\",\"inLanguage\":\"fr-FR\",\"@id\":\"https:\\\/\\\/fmvb.ro\\\/#\\\/schema\\\/logo\\\/image\\\/\",\"url\":\"https:\\\/\\\/fmvb.ro\\\/wp-content\\\/uploads\\\/2022\\\/09\\\/logo-MV-corect.svg\",\"contentUrl\":\"https:\\\/\\\/fmvb.ro\\\/wp-content\\\/uploads\\\/2022\\\/09\\\/logo-MV-corect.svg\",\"width\":400,\"height\":100,\"caption\":\"Facultatea de Medicin\u0103 Veterinar\u0103 | USAMV Bucure\u015fti\"},\"image\":{\"@id\":\"https:\\\/\\\/fmvb.ro\\\/#\\\/schema\\\/logo\\\/image\\\/\"},\"sameAs\":[\"https:\\\/\\\/www.facebook.com\\\/profile.php?id=100083306763586\",\"https:\\\/\\\/www.instagram.com\\\/usamv_buc\\\/\",\"https:\\\/\\\/www.tiktok.com\\\/@usamvbucuresti\",\"https:\\\/\\\/www.linkedin.com\\\/school\\\/universitatea-de-tiine-agronomice-i-medicin-veterinar-din-bucureti\\\/\"]},{\"@type\":\"Person\",\"@id\":\"https:\\\/\\\/fmvb.ro\\\/#\\\/schema\\\/person\\\/fbb399addd41a769b1d395027ba2a1b9\",\"name\":\"ionut.fmvb\",\"image\":{\"@type\":\"ImageObject\",\"inLanguage\":\"fr-FR\",\"@id\":\"https:\\\/\\\/secure.gravatar.com\\\/avatar\\\/dde3e8a57677dd5201c5cac58725189f6429adbc92c470bf1e8a214694a40e17?s=96&d=mm&r=g\",\"url\":\"https:\\\/\\\/secure.gravatar.com\\\/avatar\\\/dde3e8a57677dd5201c5cac58725189f6429adbc92c470bf1e8a214694a40e17?s=96&d=mm&r=g\",\"contentUrl\":\"https:\\\/\\\/secure.gravatar.com\\\/avatar\\\/dde3e8a57677dd5201c5cac58725189f6429adbc92c470bf1e8a214694a40e17?s=96&d=mm&r=g\",\"caption\":\"ionut.fmvb\"}}]}<\/script>\n<!-- \/ Yoast SEO plugin. -->","yoast_head_json":{"title":"VetEd Europe 2026 - Facultatea de Medicin\u0103 Veterinar\u0103 | USAMV Bucure\u015fti","robots":{"index":"index","follow":"follow","max-snippet":"max-snippet:-1","max-image-preview":"max-image-preview:large","max-video-preview":"max-video-preview:-1"},"canonical":"https:\/\/fmvb.ro\/fr\/veted-2026\/","og_locale":"fr_FR","og_type":"article","og_title":"VetEd Europe 2026 - Facultatea de Medicin\u0103 Veterinar\u0103 | USAMV Bucure\u015fti","og_description":"Today, 7 April 2026, is the final day for abstract submission to VetEd Europe 2026. Even if you are not submitting an abstract, the most important message is this: registration is open (https:\/\/vetedeurope2026.usamv.ro\/#register), and we warmly invite you to join us in Bucharest, Romania, from 10\u201312 September 2026 for the first edition of VetEd Europe....","og_url":"https:\/\/fmvb.ro\/fr\/veted-2026\/","og_site_name":"Facultatea de Medicin\u0103 Veterinar\u0103 | USAMV Bucure\u015fti","article_publisher":"https:\/\/www.facebook.com\/profile.php?id=100083306763586","article_published_time":"2026-04-07T11:56:45+00:00","article_modified_time":"2026-04-07T12:24:46+00:00","og_image":[{"width":1080,"height":1080,"url":"https:\/\/fmvb.ro\/wp-content\/uploads\/2026\/04\/WhatsApp-Image-2026-04-07-at-15.05.12.jpeg","type":"image\/jpeg"}],"author":"ionut.fmvb","twitter_card":"summary_large_image","twitter_misc":{"\u00c9crit par":"ionut.fmvb","Dur\u00e9e de lecture estim\u00e9e":"2 minutes"},"schema":{"@context":"https:\/\/schema.org","@graph":[{"@type":"Article","@id":"https:\/\/fmvb.ro\/fr\/veted-2026\/#article","isPartOf":{"@id":"https:\/\/fmvb.ro\/fr\/veted-2026\/"},"author":{"name":"ionut.fmvb","@id":"https:\/\/fmvb.ro\/#\/schema\/person\/fbb399addd41a769b1d395027ba2a1b9"},"headline":"VetEd Europe 2026","datePublished":"2026-04-07T11:56:45+00:00","dateModified":"2026-04-07T12:24:46+00:00","mainEntityOfPage":{"@id":"https:\/\/fmvb.ro\/fr\/veted-2026\/"},"wordCount":222,"publisher":{"@id":"https:\/\/fmvb.ro\/#organization"},"image":{"@id":"https:\/\/fmvb.ro\/fr\/veted-2026\/#primaryimage"},"thumbnailUrl":"https:\/\/fmvb.ro\/wp-content\/uploads\/2026\/04\/WhatsApp-Image-2026-04-07-at-15.05.12.jpeg","articleSection":["Noutati"],"inLanguage":"fr-FR"},{"@type":"WebPage","@id":"https:\/\/fmvb.ro\/fr\/veted-2026\/","url":"https:\/\/fmvb.ro\/fr\/veted-2026\/","name":"VetEd Europe 2026 - Facultatea de Medicin\u0103 Veterinar\u0103 | USAMV Bucure\u015fti","isPartOf":{"@id":"https:\/\/fmvb.ro\/#website"},"primaryImageOfPage":{"@id":"https:\/\/fmvb.ro\/fr\/veted-2026\/#primaryimage"},"image":{"@id":"https:\/\/fmvb.ro\/fr\/veted-2026\/#primaryimage"},"thumbnailUrl":"https:\/\/fmvb.ro\/wp-content\/uploads\/2026\/04\/WhatsApp-Image-2026-04-07-at-15.05.12.jpeg","datePublished":"2026-04-07T11:56:45+00:00","dateModified":"2026-04-07T12:24:46+00:00","breadcrumb":{"@id":"https:\/\/fmvb.ro\/fr\/veted-2026\/#breadcrumb"},"inLanguage":"fr-FR","potentialAction":[{"@type":"ReadAction","target":["https:\/\/fmvb.ro\/fr\/veted-2026\/"]}]},{"@type":"ImageObject","inLanguage":"fr-FR","@id":"https:\/\/fmvb.ro\/fr\/veted-2026\/#primaryimage","url":"https:\/\/fmvb.ro\/wp-content\/uploads\/2026\/04\/WhatsApp-Image-2026-04-07-at-15.05.12.jpeg","contentUrl":"https:\/\/fmvb.ro\/wp-content\/uploads\/2026\/04\/WhatsApp-Image-2026-04-07-at-15.05.12.jpeg","width":1080,"height":1080},{"@type":"BreadcrumbList","@id":"https:\/\/fmvb.ro\/fr\/veted-2026\/#breadcrumb","itemListElement":[{"@type":"ListItem","position":1,"name":"Prima pagin\u0103","item":"https:\/\/fmvb.ro\/"},{"@type":"ListItem","position":2,"name":"VetEd Europe 2026"}]},{"@type":"WebSite","@id":"https:\/\/fmvb.ro\/#website","url":"https:\/\/fmvb.ro\/","name":"Facultatea de Medicin\u0103 Veterinar\u0103 | USAMV Bucure\u015fti","description":"","publisher":{"@id":"https:\/\/fmvb.ro\/#organization"},"potentialAction":[{"@type":"SearchAction","target":{"@type":"EntryPoint","urlTemplate":"https:\/\/fmvb.ro\/?s={search_term_string}"},"query-input":{"@type":"PropertyValueSpecification","valueRequired":true,"valueName":"search_term_string"}}],"inLanguage":"fr-FR"},{"@type":"Organization","@id":"https:\/\/fmvb.ro\/#organization","name":"Facultatea de Medicin\u0103 Veterinar\u0103 | USAMV Bucure\u015fti","url":"https:\/\/fmvb.ro\/","logo":{"@type":"ImageObject","inLanguage":"fr-FR","@id":"https:\/\/fmvb.ro\/#\/schema\/logo\/image\/","url":"https:\/\/fmvb.ro\/wp-content\/uploads\/2022\/09\/logo-MV-corect.svg","contentUrl":"https:\/\/fmvb.ro\/wp-content\/uploads\/2022\/09\/logo-MV-corect.svg","width":400,"height":100,"caption":"Facultatea de Medicin\u0103 Veterinar\u0103 | USAMV Bucure\u015fti"},"image":{"@id":"https:\/\/fmvb.ro\/#\/schema\/logo\/image\/"},"sameAs":["https:\/\/www.facebook.com\/profile.php?id=100083306763586","https:\/\/www.instagram.com\/usamv_buc\/","https:\/\/www.tiktok.com\/@usamvbucuresti","https:\/\/www.linkedin.com\/school\/universitatea-de-tiine-agronomice-i-medicin-veterinar-din-bucureti\/"]},{"@type":"Person","@id":"https:\/\/fmvb.ro\/#\/schema\/person\/fbb399addd41a769b1d395027ba2a1b9","name":"ionut.fmvb","image":{"@type":"ImageObject","inLanguage":"fr-FR","@id":"https:\/\/secure.gravatar.com\/avatar\/dde3e8a57677dd5201c5cac58725189f6429adbc92c470bf1e8a214694a40e17?s=96&d=mm&r=g","url":"https:\/\/secure.gravatar.com\/avatar\/dde3e8a57677dd5201c5cac58725189f6429adbc92c470bf1e8a214694a40e17?s=96&d=mm&r=g","contentUrl":"https:\/\/secure.gravatar.com\/avatar\/dde3e8a57677dd5201c5cac58725189f6429adbc92c470bf1e8a214694a40e17?s=96&d=mm&r=g","caption":"ionut.fmvb"}}]}},"_links":{"self":[{"href":"https:\/\/fmvb.ro\/fr\/wp-json\/wp\/v2\/posts\/1021798","targetHints":{"allow":["GET"]}}],"collection":[{"href":"https:\/\/fmvb.ro\/fr\/wp-json\/wp\/v2\/posts"}],"about":[{"href":"https:\/\/fmvb.ro\/fr\/wp-json\/wp\/v2\/types\/post"}],"author":[{"embeddable":true,"href":"https:\/\/fmvb.ro\/fr\/wp-json\/wp\/v2\/users\/10"}],"replies":[{"embeddable":true,"href":"https:\/\/fmvb.ro\/fr\/wp-json\/wp\/v2\/comments?post=1021798"}],"version-history":[{"count":36,"href":"https:\/\/fmvb.ro\/fr\/wp-json\/wp\/v2\/posts\/1021798\/revisions"}],"predecessor-version":[{"id":1021907,"href":"https:\/\/fmvb.ro\/fr\/wp-json\/wp\/v2\/posts\/1021798\/revisions\/1021907"}],"wp:featuredmedia":[{"embeddable":true,"href":"https:\/\/fmvb.ro\/fr\/wp-json\/wp\/v2\/media\/1021824"}],"wp:attachment":[{"href":"https:\/\/fmvb.ro\/fr\/wp-json\/wp\/v2\/media?parent=1021798"}],"wp:term":[{"taxonomy":"category","embeddable":true,"href":"https:\/\/fmvb.ro\/fr\/wp-json\/wp\/v2\/categories?post=1021798"},{"taxonomy":"post_tag","embeddable":true,"href":"https:\/\/fmvb.ro\/fr\/wp-json\/wp\/v2\/tags?post=1021798"}],"curies":[{"name":"wp","href":"https:\/\/api.w.org\/{rel}","templated":true}]}}